{"id":763,"date":"2020-03-30T18:48:59","date_gmt":"2020-03-30T16:48:59","guid":{"rendered":"http:\/\/duhovyrok.sk\/?p=763"},"modified":"2020-03-30T18:48:59","modified_gmt":"2020-03-30T16:48:59","slug":"do-teplej-vlny-pride-katarina-franekova","status":"publish","type":"post","link":"https:\/\/duhovyrok.sk\/tepla-vlna\/2020\/03\/30\/do-teplej-vlny-pride-katarina-franekova\/","title":{"rendered":"Do Teplej vlny pr\u00edde Katar\u00edna Franekov\u00e1"},"content":{"rendered":"\n<p>Vy\u0161tudovala psychol\u00f3giu na Filozofickej fakulte UK. Ako poradensk\u00e1 psychologi\u010dka roky pracuje s LGBTI \u013eu\u010fmi a ich bl\u00edzkymi. Venuje sa tie\u017e individu\u00e1lnej pr\u00e1ci s adolescentmi a triednymi kolekt\u00edvmi v \u0161kolskom prostred\u00ed.<\/p>\n\n\n\n<p>Ako lektorka sa zaober\u00e1 vzdel\u00e1van\u00edm dospel\u00fdch. Okrem in\u00e9ho vzdel\u00e1va pom\u00e1haj\u00face profesie, \u013eud\u00ed pracuj\u00facich s de\u0165mi a ml\u00e1de\u017eou, \u0161tudentky a \u0161tudentov psychol\u00f3gie v LGBTI t\u00e9mach.<\/p>\n\n\n\n<p>Je absolventkou dlhodob\u00e9ho psychoterapeutick\u00e9ho v\u00fdcviku. <\/p>\n","protected":false},"excerpt":{"rendered":"<p>Vy\u0161tudovala psychol\u00f3giu na Filozofickej fakulte UK. Ako poradensk\u00e1 psychologi\u010dka roky pracuje s LGBTI \u013eu\u010fmi a ich bl\u00edzkymi. Venuje sa tie\u017e individu\u00e1lnej pr\u00e1ci s adolescentmi a triednymi kolekt\u00edvmi v \u0161kolskom prostred\u00ed. <a href=\"https:\/\/duhovyrok.sk\/tepla-vlna\/2020\/03\/30\/do-teplej-vlny-pride-katarina-franekova\/\" class=\"more-link\">&#8230;<\/a><\/p>\n","protected":false},"author":12,"featured_media":764,"comment_status":"closed","ping_status":"closed","sticky":false,"template":"","format":"standard","meta":{"footnotes":""},"categories":[2],"tags":[11,4,5],"class_list":["post-763","post","type-post","status-publish","format-standard","has-post-thumbnail","hentry","category-tepla-vlna","tag-katarina-franekova","tag-podcast","tag-tepla-vlna"],"_links":{"self":[{"href":"https:\/\/duhovyrok.sk\/tepla-vlna\/wp-json\/wp\/v2\/posts\/763","targetHints":{"allow":["GET"]}}],"collection":[{"href":"https:\/\/duhovyrok.sk\/tepla-vlna\/wp-json\/wp\/v2\/posts"}],"about":[{"href":"https:\/\/duhovyrok.sk\/tepla-vlna\/wp-json\/wp\/v2\/types\/post"}],"author":[{"embeddable":true,"href":"https:\/\/duhovyrok.sk\/tepla-vlna\/wp-json\/wp\/v2\/users\/12"}],"replies":[{"embeddable":true,"href":"https:\/\/duhovyrok.sk\/tepla-vlna\/wp-json\/wp\/v2\/comments?post=763"}],"version-history":[{"count":0,"href":"https:\/\/duhovyrok.sk\/tepla-vlna\/wp-json\/wp\/v2\/posts\/763\/revisions"}],"wp:featuredmedia":[{"embeddable":true,"href":"https:\/\/duhovyrok.sk\/tepla-vlna\/wp-json\/wp\/v2\/media\/764"}],"wp:attachment":[{"href":"https:\/\/duhovyrok.sk\/tepla-vlna\/wp-json\/wp\/v2\/media?parent=763"}],"wp:term":[{"taxonomy":"category","embeddable":true,"href":"https:\/\/duhovyrok.sk\/tepla-vlna\/wp-json\/wp\/v2\/categories?post=763"},{"taxonomy":"post_tag","embeddable":true,"href":"https:\/\/duhovyrok.sk\/tepla-vlna\/wp-json\/wp\/v2\/tags?post=763"}],"curies":[{"name":"wp","href":"https:\/\/api.w.org\/{rel}","templated":true}]}}