{"id":760,"date":"2020-03-30T18:33:11","date_gmt":"2020-03-30T16:33:11","guid":{"rendered":"http:\/\/duhovyrok.sk\/?p=760"},"modified":"2020-03-30T18:33:11","modified_gmt":"2020-03-30T16:33:11","slug":"host-v-teplej-vlne-martin-macko","status":"publish","type":"post","link":"https:\/\/duhovyrok.sk\/tepla-vlna\/2020\/03\/30\/host-v-teplej-vlne-martin-macko\/","title":{"rendered":"Hos\u0165 v Teplej vlne: Martin Macko"},"content":{"rendered":"\n<p>Vy\u0161tudoval hist\u00f3riu na Filozofickej fakulte a eur\u00f3pske \u0161t\u00fadi\u00e1 na Fakulte soci\u00e1lnych a ekonomick\u00fdch vied UK v Bratislave. Od roku 2009 je \u010dlenom <a href=\"http:\/\/inakost.sk\/\" target=\"_blank\" rel=\"noreferrer noopener\" aria-label=\"Iniciat\u00edvy Inakos\u0165 (otvor\u00ed sa v novej karte)\"><span style=\"text-decoration: underline\">Iniciat\u00edvy Inakos\u0165<\/span><\/a> a od roku 2012 p\u00f4sob\u00ed ako jej v\u00fdkonn\u00fd riadite\u013e. Je \u010dlenom organiza\u010dn\u00fdch t\u00edmov Filmov\u00e9ho festivalu inakosti a <a href=\"https:\/\/duhovypride.sk\/\" target=\"_blank\" rel=\"noreferrer noopener\" aria-label=\"D\u00fahov\u00e9ho PRIDE Bratislava (otvor\u00ed sa v novej karte)\"><span style=\"text-decoration: underline\">D\u00fahov\u00e9ho PRIDE Bratislava<\/span><\/a>.<\/p>\n\n\n\n<p>Ako expert na oblas\u0165 \u013eudsk\u00fdch pr\u00e1v LGBTI sa podie\u013eal na pr\u00edprave mno\u017estva podujat\u00ed, kampan\u00ed, monitorovac\u00edch a koncep\u010dn\u00fdch materi\u00e1lov, n\u00e1vrhov, advoka\u010dnej a publika\u010dnej \u010dinnosti v tejto oblasti.<\/p>\n\n\n\n<p>Od rok 2013 je podpredsedom poradn\u00e9ho org\u00e1nu vl\u00e1dy <strong>V\u00fdboru pre pr\u00e1va LGBTI \u013eud\u00ed<\/strong>. <\/p>\n","protected":false},"excerpt":{"rendered":"<p>Vy\u0161tudoval hist\u00f3riu na Filozofickej fakulte a eur\u00f3pske \u0161t\u00fadi\u00e1 na Fakulte soci\u00e1lnych a ekonomick\u00fdch vied UK v Bratislave. Od roku 2009 je \u010dlenom Iniciat\u00edvy Inakos\u0165 a od roku 2012 p\u00f4sob\u00ed ako <a href=\"https:\/\/duhovyrok.sk\/tepla-vlna\/2020\/03\/30\/host-v-teplej-vlne-martin-macko\/\" class=\"more-link\">&#8230;<\/a><\/p>\n","protected":false},"author":12,"featured_media":761,"comment_status":"closed","ping_status":"closed","sticky":false,"template":"","format":"standard","meta":{"footnotes":""},"categories":[2],"tags":[9,10,4,5],"class_list":["post-760","post","type-post","status-publish","format-standard","has-post-thumbnail","hentry","category-tepla-vlna","tag-iniciativa-inakost","tag-martin-macko","tag-podcast","tag-tepla-vlna"],"_links":{"self":[{"href":"https:\/\/duhovyrok.sk\/tepla-vlna\/wp-json\/wp\/v2\/posts\/760","targetHints":{"allow":["GET"]}}],"collection":[{"href":"https:\/\/duhovyrok.sk\/tepla-vlna\/wp-json\/wp\/v2\/posts"}],"about":[{"href":"https:\/\/duhovyrok.sk\/tepla-vlna\/wp-json\/wp\/v2\/types\/post"}],"author":[{"embeddable":true,"href":"https:\/\/duhovyrok.sk\/tepla-vlna\/wp-json\/wp\/v2\/users\/12"}],"replies":[{"embeddable":true,"href":"https:\/\/duhovyrok.sk\/tepla-vlna\/wp-json\/wp\/v2\/comments?post=760"}],"version-history":[{"count":0,"href":"https:\/\/duhovyrok.sk\/tepla-vlna\/wp-json\/wp\/v2\/posts\/760\/revisions"}],"wp:featuredmedia":[{"embeddable":true,"href":"https:\/\/duhovyrok.sk\/tepla-vlna\/wp-json\/wp\/v2\/media\/761"}],"wp:attachment":[{"href":"https:\/\/duhovyrok.sk\/tepla-vlna\/wp-json\/wp\/v2\/media?parent=760"}],"wp:term":[{"taxonomy":"category","embeddable":true,"href":"https:\/\/duhovyrok.sk\/tepla-vlna\/wp-json\/wp\/v2\/categories?post=760"},{"taxonomy":"post_tag","embeddable":true,"href":"https:\/\/duhovyrok.sk\/tepla-vlna\/wp-json\/wp\/v2\/tags?post=760"}],"curies":[{"name":"wp","href":"https:\/\/api.w.org\/{rel}","templated":true}]}}