{"id":724,"date":"2020-03-20T15:56:00","date_gmt":"2020-03-20T14:56:00","guid":{"rendered":"http:\/\/duhovyrok.sk\/?p=724"},"modified":"2020-03-20T15:56:00","modified_gmt":"2020-03-20T14:56:00","slug":"tepli-ludia-tercom-nenavisti-a-falosnych-sprav","status":"publish","type":"post","link":"https:\/\/duhovyrok.sk\/tepla-vlna\/2020\/03\/20\/tepli-ludia-tercom-nenavisti-a-falosnych-sprav\/","title":{"rendered":"Tepl\u00ed \u013eudia ter\u010dom nen\u00e1visti a falo\u0161n\u00fdch spr\u00e1v"},"content":{"rendered":"\n<p>LGBTI komunita sa posledn\u00e9 roky stret\u00e1va s obrovsk\u00fdm mno\u017estvom nen\u00e1visti zo strany kon\u0161pira\u010dn\u00fdch m\u00e9di\u00ed, neonacistick\u00fdch skup\u00edn a cirkv\u00ed, ktor\u00e9 systematicky nar\u00fa\u0161aj\u00fa ich d\u00f4stojnos\u0165 a s\u00fakromie.\u00a0Ako sa br\u00e1ni\u0165, ak\u00e9 m\u00e1me pr\u00e1va a \u010do robi\u0165 v pr\u00edpade, ak je n\u00e1m ubli\u017eovan\u00e9?<\/p>\n\n\n\n<p>Aj o tom sme diskutovali s na\u0161imi hos\u0165ami v r\u00e1mci <strong><span style=\"text-decoration: underline\"><a href=\"http:\/\/duhovyrok.sk\/category\/tepla-vlna\/\" target=\"_blank\" rel=\"noreferrer noopener\" aria-label=\"programu Tepl\u00e1 vlna (otvor\u00ed sa v novej karte)\">programu Tepl\u00e1 vlna<\/a><\/span><\/strong>.<\/p>\n\n\n\n<h3 class=\"wp-block-heading\">Diskutuj\u00faci:<\/h3>\n\n\n\n<p><strong>Daniel Milo<\/strong> \u2013 Pr\u00e1vnik, analytik GLOBSEC Policy Institute<br> <strong>Vladim\u00edr \u0160n\u00eddl<\/strong> \u2013 Expert na kon\u0161pira\u010dn\u00e9 m\u00e9di\u00e1<\/p>\n\n\n\n<h3 class=\"wp-block-heading\"><br> Moder\u00e1tor:\u00a0<\/h3>\n\n\n\n<p>Andrej Kuruc \u2013 expert v oblasti \u013eudsk\u00fdch pr\u00e1v LGBTI \u013eud\u00ed, NoMantinels <\/p>\n\n\n\n<figure class=\"wp-block-embed-youtube aligncenter wp-block-embed is-type-video is-provider-youtube wp-embed-aspect-16-9 wp-has-aspect-ratio\"><div class=\"wp-block-embed__wrapper\">\n<iframe loading=\"lazy\" title=\"Tepl\u00ed \u013eudia ter\u010dom nen\u00e1visti a falo\u0161n\u00fdch spr\u00e1v\" width=\"1778\" height=\"1000\" src=\"https:\/\/www.youtube.com\/embed\/em9kG0JJVIE?feature=oembed\" frameborder=\"0\" allow=\"accelerometer; autoplay; clipboard-write; encrypted-media; gyroscope; picture-in-picture\" allowfullscreen><\/iframe>\n<\/div><\/figure>\n\n\n\n<p>Diskusiu je podporn\u00e1 z verejn\u00fdch financi\u00ed Fond na podporu umenia v r\u00e1mci  projektu D\u00fahov\u00fd rok.<\/p>\n\n\n\n<p><strong>Autorka vizu\u00e1lu:<\/strong> Marta Prokopov\u00e1<\/p>\n\n\n\n<div class=\"wp-block-image\"><figure class=\"aligncenter size-full\"><img loading=\"lazy\" decoding=\"async\" width=\"300\" height=\"225\" src=\"https:\/\/duhovyrok.sk\/tepla-vlna\/wp-content\/uploads\/sites\/3\/2020\/03\/300-225-fond-na-podporu-umenia.jpg\" alt=\"Fond na podporu umenia je verejnopr\u00e1vna in\u0161tit\u00facia zabezpe\u010duj\u00faca podporu umeleck\u00fdch aktiv\u00edt, kult\u00fary a kreat\u00edvneho priemyslu.\" class=\"wp-image-479\" \/><\/figure><\/div>\n\n\n\n<p>Z verejn\u00fdch zdrojov podporil Fond na podporu umenia. <\/p>\n","protected":false},"excerpt":{"rendered":"<p>LGBTI komunita sa posledn\u00e9 roky stret\u00e1va s obrovsk\u00fdm mno\u017estvom nen\u00e1visti zo strany kon\u0161pira\u010dn\u00fdch m\u00e9di\u00ed, neonacistick\u00fdch skup\u00edn a cirkv\u00ed, ktor\u00e9 systematicky nar\u00fa\u0161aj\u00fa ich d\u00f4stojnos\u0165 a s\u00fakromie.\u00a0Ako sa br\u00e1ni\u0165, ak\u00e9 m\u00e1me pr\u00e1va <a href=\"https:\/\/duhovyrok.sk\/tepla-vlna\/2020\/03\/20\/tepli-ludia-tercom-nenavisti-a-falosnych-sprav\/\" class=\"more-link\">&#8230;<\/a><\/p>\n","protected":false},"author":1,"featured_media":707,"comment_status":"closed","ping_status":"closed","sticky":false,"template":"","format":"video","meta":{"footnotes":""},"categories":[2],"tags":[4,5],"class_list":["post-724","post","type-post","status-publish","format-video","has-post-thumbnail","hentry","category-tepla-vlna","tag-podcast","tag-tepla-vlna","post_format-post-format-video"],"_links":{"self":[{"href":"https:\/\/duhovyrok.sk\/tepla-vlna\/wp-json\/wp\/v2\/posts\/724","targetHints":{"allow":["GET"]}}],"collection":[{"href":"https:\/\/duhovyrok.sk\/tepla-vlna\/wp-json\/wp\/v2\/posts"}],"about":[{"href":"https:\/\/duhovyrok.sk\/tepla-vlna\/wp-json\/wp\/v2\/types\/post"}],"author":[{"embeddable":true,"href":"https:\/\/duhovyrok.sk\/tepla-vlna\/wp-json\/wp\/v2\/users\/1"}],"replies":[{"embeddable":true,"href":"https:\/\/duhovyrok.sk\/tepla-vlna\/wp-json\/wp\/v2\/comments?post=724"}],"version-history":[{"count":0,"href":"https:\/\/duhovyrok.sk\/tepla-vlna\/wp-json\/wp\/v2\/posts\/724\/revisions"}],"wp:featuredmedia":[{"embeddable":true,"href":"https:\/\/duhovyrok.sk\/tepla-vlna\/wp-json\/wp\/v2\/media\/707"}],"wp:attachment":[{"href":"https:\/\/duhovyrok.sk\/tepla-vlna\/wp-json\/wp\/v2\/media?parent=724"}],"wp:term":[{"taxonomy":"category","embeddable":true,"href":"https:\/\/duhovyrok.sk\/tepla-vlna\/wp-json\/wp\/v2\/categories?post=724"},{"taxonomy":"post_tag","embeddable":true,"href":"https:\/\/duhovyrok.sk\/tepla-vlna\/wp-json\/wp\/v2\/tags?post=724"}],"curies":[{"name":"wp","href":"https:\/\/api.w.org\/{rel}","templated":true}]}}