{"id":545,"date":"2020-03-26T18:40:59","date_gmt":"2020-03-26T17:40:59","guid":{"rendered":"http:\/\/duhovyrok.sk\/?p=545"},"modified":"2020-03-26T18:40:59","modified_gmt":"2020-03-26T17:40:59","slug":"teply-podcast-uz-od-aprila","status":"publish","type":"post","link":"https:\/\/duhovyrok.sk\/tepla-vlna\/2020\/03\/26\/teply-podcast-uz-od-aprila\/","title":{"rendered":"Tepl\u00fd podcast u\u017e od apr\u00edla"},"content":{"rendered":"\n<p> Podcasty s\u00fa v kurze a my sme v\u017edy radi in. Nala\u010fte sa teda na na\u0161u Tepl\u00fa  vlnu. Ka\u017ed\u00fd druh\u00fd t\u00fd\u017ede\u0148 v\u00e1s \u010dak\u00e1 rozhovor s osobnos\u0165ou z LGBTI  komunity. Debati\u0165 budeme nielen o aktivizme a pr\u00e1ci, ale m\u00f4\u017eete lep\u0161ie  spozna\u0165 aj osud dan\u00e9ho hos\u0165a \u010di hostky. <\/p>\n\n\n\n<p>Chceme \u00eds\u0165 po ko\u017eu a p\u00fdta\u0165 sa aj  na osobn\u00e9 veci. Budeme zvedav\u00ed a niekedy mo\u017eno aj drz\u00ed. Sledujte na\u0161u  str\u00e1nku, kde v sekcii Tepl\u00e1 vlna n\u00e1jde v\u0161etko podstatn\u00e9 a dajte <strong><span style=\"text-decoration: underline\"><a href=\"https:\/\/www.youtube.com\/channel\/UCCp0GaG8RRwFXWffqIwv3_Q\" target=\"_blank\" rel=\"noreferrer noopener\" aria-label=\"follow  aj n\u00e1\u0161mu&nbsp;Youtube (otvor\u00ed sa v novej karte)\">follow  aj n\u00e1\u0161mu&nbsp;Youtube<\/a><\/span><\/strong>.<\/p>\n\n\n\n<figure class=\"wp-block-embed-youtube wp-block-embed is-type-video is-provider-youtube wp-embed-aspect-16-9 wp-has-aspect-ratio\"><div class=\"wp-block-embed__wrapper\">\n<iframe loading=\"lazy\" title=\"Tepl\u00ed \u013eudia ter\u010dom nen\u00e1visti a falo\u0161n\u00fdch spr\u00e1v\" width=\"1778\" height=\"1000\" src=\"https:\/\/www.youtube.com\/embed\/em9kG0JJVIE?feature=oembed\" frameborder=\"0\" allow=\"accelerometer; autoplay; clipboard-write; encrypted-media; gyroscope; picture-in-picture\" allowfullscreen><\/iframe>\n<\/div><\/figure>\n","protected":false},"excerpt":{"rendered":"<p>Podcasty s\u00fa v kurze a my sme v\u017edy radi in. Nala\u010fte sa teda na na\u0161u Tepl\u00fa vlnu. Ka\u017ed\u00fd druh\u00fd t\u00fd\u017ede\u0148 v\u00e1s \u010dak\u00e1 rozhovor s osobnos\u0165ou z LGBTI komunity. Debati\u0165 budeme <a href=\"https:\/\/duhovyrok.sk\/tepla-vlna\/2020\/03\/26\/teply-podcast-uz-od-aprila\/\" class=\"more-link\">&#8230;<\/a><\/p>\n","protected":false},"author":12,"featured_media":707,"comment_status":"closed","ping_status":"closed","sticky":false,"template":"","format":"standard","meta":{"footnotes":""},"categories":[3,2],"tags":[4,5],"class_list":["post-545","post","type-post","status-publish","format-standard","has-post-thumbnail","hentry","category-novinky","category-tepla-vlna","tag-podcast","tag-tepla-vlna"],"_links":{"self":[{"href":"https:\/\/duhovyrok.sk\/tepla-vlna\/wp-json\/wp\/v2\/posts\/545","targetHints":{"allow":["GET"]}}],"collection":[{"href":"https:\/\/duhovyrok.sk\/tepla-vlna\/wp-json\/wp\/v2\/posts"}],"about":[{"href":"https:\/\/duhovyrok.sk\/tepla-vlna\/wp-json\/wp\/v2\/types\/post"}],"author":[{"embeddable":true,"href":"https:\/\/duhovyrok.sk\/tepla-vlna\/wp-json\/wp\/v2\/users\/12"}],"replies":[{"embeddable":true,"href":"https:\/\/duhovyrok.sk\/tepla-vlna\/wp-json\/wp\/v2\/comments?post=545"}],"version-history":[{"count":0,"href":"https:\/\/duhovyrok.sk\/tepla-vlna\/wp-json\/wp\/v2\/posts\/545\/revisions"}],"wp:featuredmedia":[{"embeddable":true,"href":"https:\/\/duhovyrok.sk\/tepla-vlna\/wp-json\/wp\/v2\/media\/707"}],"wp:attachment":[{"href":"https:\/\/duhovyrok.sk\/tepla-vlna\/wp-json\/wp\/v2\/media?parent=545"}],"wp:term":[{"taxonomy":"category","embeddable":true,"href":"https:\/\/duhovyrok.sk\/tepla-vlna\/wp-json\/wp\/v2\/categories?post=545"},{"taxonomy":"post_tag","embeddable":true,"href":"https:\/\/duhovyrok.sk\/tepla-vlna\/wp-json\/wp\/v2\/tags?post=545"}],"curies":[{"name":"wp","href":"https:\/\/api.w.org\/{rel}","templated":true}]}}