{"id":2215,"date":"2024-12-04T09:25:35","date_gmt":"2024-12-04T08:25:35","guid":{"rendered":"https:\/\/duhovyrok.sk\/tepla-vlna\/?p=2215"},"modified":"2024-12-04T09:26:37","modified_gmt":"2024-12-04T08:26:37","slug":"tepla-vlna-s-andrejom-proces-tranzicie-bol-ponizujuci-vravi-autorka-sabrina-katonoff","status":"publish","type":"post","link":"https:\/\/duhovyrok.sk\/tepla-vlna\/2024\/12\/04\/tepla-vlna-s-andrejom-proces-tranzicie-bol-ponizujuci-vravi-autorka-sabrina-katonoff\/","title":{"rendered":"Tepl\u00e1 vlna s Andrejom: Proces tranz\u00edcie bol poni\u017euj\u00faci, vrav\u00ed autorka Sabrina Katonoff"},"content":{"rendered":"\n<p>Sabrina Katonoff je queer autorka, redaktorka v magaz\u00edne QYS, prispela do viacer\u00fdch poviedkov\u00fdch zbierok. V novej epiz\u00f3de Teplej vlny porozpr\u00e1vala, ako sa cez slohov\u00e9 pr\u00e1ce a l\u00e1sku k tvorbe autorstiev ako Sylvia Plath, Simone de Beauvoir, Albert Camus, dostala k p\u00edsaniu.<\/p>\n\n\n\n<p>Prezradila ak\u00e1 bola aj jej cesta k tranz\u00edcii, \u010do v\u0161etko poni\u017euj\u00face pri tomto procese za\u017eila. Zverila sa tie\u017e s t\u00fdm ako vn\u00edma nen\u00e1vistn\u00fa r\u00e9toriku v r\u00e1mci politiky, ako ju sklamala po teroristickom \u00fatoku na Tepl\u00e1re\u0148. Ako si vyber\u00e1 svoje t\u00e9my a ako vn\u00edma r\u00f4zne pr\u00fady v aktivizme za pr\u00e1va kv\u00edr \u013eud\u00ed?<\/p>\n\n\n\n<p>Aktu\u00e1lny diel Teplej vlny si m\u00f4\u017eete pozrie\u0165 ni\u017e\u0161ie na\u00a0<a href=\"https:\/\/youtu.be\/3f4ulxNGDOg?si=6dU9E6Bfzk_DvHuk\">YouTube<\/a>\u00a0alebo podcastov\u00fdch platform\u00e1ch\u00a0SME,\u00a0<a href=\"https:\/\/open.spotify.com\/episode\/7peZ2CuyN9MAt1cUV6ad1x?si=0e00d91912174559\">Spotify<\/a>,\u00a0<a href=\"https:\/\/www.podbean.com\/ew\/pb-qpzis-1754ce4\">PodBean<\/a>\u00a0alebo\u00a0<a href=\"https:\/\/podcasts.apple.com\/us\/podcast\/tepl%C3%A1-vlna-s-andrejom-proces-tranz%C3%ADcie-bol-poni%C5%BEuj%C3%BAci\/id1507703606?i=1000679167267\">Apple Podcasts<\/a>.<\/p>\n\n\n\n<figure class=\"wp-block-embed is-type-video is-provider-youtube wp-block-embed-youtube wp-embed-aspect-16-9 wp-has-aspect-ratio\"><div class=\"wp-block-embed__wrapper\">\n<iframe loading=\"lazy\" title=\"Tepl\u00e1 vlna s Andrejom: Proces tranz\u00edcie bol poni\u017euj\u00faci, vrav\u00ed autorka Sabrina Katonoff\" width=\"1778\" height=\"1000\" src=\"https:\/\/www.youtube.com\/embed\/3f4ulxNGDOg?feature=oembed\" frameborder=\"0\" allow=\"accelerometer; autoplay; clipboard-write; encrypted-media; gyroscope; picture-in-picture; web-share\" referrerpolicy=\"strict-origin-when-cross-origin\" allowfullscreen><\/iframe>\n<\/div><\/figure>\n\n\n\n<p>Tepl\u00e1 vlna je podcast Divadla NOMANTINELS, v ktorom sa rozpr\u00e1vame so zauj\u00edmav\u00fdmi osobnos\u0165ami a \u013eu\u010fmi zo slovenskej queer komunity o ich \u017eivote, in\u0161pirat\u00edvnych veciach, ktor\u00fdmi sa zaoberaj\u00fa a odvahe, ktor\u00e1 im pomohla prekona\u0165 predsudky okolia.<\/p>\n\n\n\n<p>Financovan\u00e9 zo zdrojov Eur\u00f3pskej \u00fanie z programu \u201e<a href=\"https:\/\/commission.europa.eu\/funding-tenders\/find-funding\/eu-funding-programmes\/citizens-equality-rights-and-values-programme_en\">Citizens, Equality and Value Programme<\/a>.\u201cPodcast podporil aj\u00a0<a href=\"https:\/\/www.fpu.sk\/sk\/\">Fond na podporu umenia<\/a>,\u00a0<a href=\"https:\/\/bratislavskykraj.sk\/\">Bratislavsk\u00fd samospr\u00e1vny kraj<\/a>\u00a0a\u00a0<a href=\"https:\/\/nadaciamesta.bratislava.sk\/\">Nad\u00e1cia mesta Bratislavy<\/a>. Partnerom podcastu je\u00a0<a href=\"https:\/\/www.sme.sk\/\">denn\u00edk SME<\/a>.<\/p>\n\n\n\n<p>Foto: Jakub Kov\u00e1\u010d<\/p>\n\n\n\n<p><\/p>\n","protected":false},"excerpt":{"rendered":"<p>Sabrina Katonoff je queer autorka, redaktorka v magaz\u00edne QYS, prispela do viacer\u00fdch poviedkov\u00fdch zbierok. V novej epiz\u00f3de Teplej vlny porozpr\u00e1vala, ako sa cez slohov\u00e9 pr\u00e1ce a l\u00e1sku k tvorbe autorstiev <a href=\"https:\/\/duhovyrok.sk\/tepla-vlna\/2024\/12\/04\/tepla-vlna-s-andrejom-proces-tranzicie-bol-ponizujuci-vravi-autorka-sabrina-katonoff\/\" class=\"more-link\">&#8230;<\/a><\/p>\n","protected":false},"author":9,"featured_media":2216,"comment_status":"closed","ping_status":"open","sticky":false,"template":"","format":"standard","meta":{"footnotes":""},"categories":[3,2],"tags":[289,99,290,4,288,5,70,227],"class_list":["post-2215","post","type-post","status-publish","format-standard","has-post-thumbnail","hentry","category-novinky","category-tepla-vlna","tag-autorka","tag-from-tepla-vlna","tag-magazin-qys","tag-podcast","tag-sabrina-katonoff","tag-tepla-vlna","tag-transrodovost","tag-tranzicia"],"_links":{"self":[{"href":"https:\/\/duhovyrok.sk\/tepla-vlna\/wp-json\/wp\/v2\/posts\/2215","targetHints":{"allow":["GET"]}}],"collection":[{"href":"https:\/\/duhovyrok.sk\/tepla-vlna\/wp-json\/wp\/v2\/posts"}],"about":[{"href":"https:\/\/duhovyrok.sk\/tepla-vlna\/wp-json\/wp\/v2\/types\/post"}],"author":[{"embeddable":true,"href":"https:\/\/duhovyrok.sk\/tepla-vlna\/wp-json\/wp\/v2\/users\/9"}],"replies":[{"embeddable":true,"href":"https:\/\/duhovyrok.sk\/tepla-vlna\/wp-json\/wp\/v2\/comments?post=2215"}],"version-history":[{"count":2,"href":"https:\/\/duhovyrok.sk\/tepla-vlna\/wp-json\/wp\/v2\/posts\/2215\/revisions"}],"predecessor-version":[{"id":2218,"href":"https:\/\/duhovyrok.sk\/tepla-vlna\/wp-json\/wp\/v2\/posts\/2215\/revisions\/2218"}],"wp:featuredmedia":[{"embeddable":true,"href":"https:\/\/duhovyrok.sk\/tepla-vlna\/wp-json\/wp\/v2\/media\/2216"}],"wp:attachment":[{"href":"https:\/\/duhovyrok.sk\/tepla-vlna\/wp-json\/wp\/v2\/media?parent=2215"}],"wp:term":[{"taxonomy":"category","embeddable":true,"href":"https:\/\/duhovyrok.sk\/tepla-vlna\/wp-json\/wp\/v2\/categories?post=2215"},{"taxonomy":"post_tag","embeddable":true,"href":"https:\/\/duhovyrok.sk\/tepla-vlna\/wp-json\/wp\/v2\/tags?post=2215"}],"curies":[{"name":"wp","href":"https:\/\/api.w.org\/{rel}","templated":true}]}}