{"id":2207,"date":"2024-11-20T14:29:44","date_gmt":"2024-11-20T13:29:44","guid":{"rendered":"https:\/\/duhovyrok.sk\/tepla-vlna\/?p=2207"},"modified":"2024-11-27T14:02:35","modified_gmt":"2024-11-27T13:02:35","slug":"tepla-vlna-s-liberty-samota-mi-ukazala-cestu-k-umeniu-a-sebapoznaniu-vravi-bystrik-klco","status":"publish","type":"post","link":"https:\/\/duhovyrok.sk\/tepla-vlna\/2024\/11\/20\/tepla-vlna-s-liberty-samota-mi-ukazala-cestu-k-umeniu-a-sebapoznaniu-vravi-bystrik-klco\/","title":{"rendered":"Tepl\u00e1 vlna s Liberty: Samota mi uk\u00e1zala cestu k umeniu a sebapoznaniu, vrav\u00ed Bystr\u00edk Kl\u010do"},"content":{"rendered":"\n<p>\u201eSamota, ktor\u00fa som pre\u017e\u00edval, mi uk\u00e1zala cestu k vlastn\u00e9mu svetu a fant\u00e1zii, ktor\u00fa teraz vklad\u00e1m do svojej tvorby. Bola ak\u00fdmsi darom a barli\u010dkou k sebapoznaniu.\u201d Umelec Bystr\u00edk Kl\u010do si v novej epiz\u00f3de Teplej vlny spom\u00edna na svoje detstvo vo Vrbovom, kde sa nikdy nec\u00edtil by\u0165 jeho s\u00fa\u010das\u0165ou. <\/p>\n\n\n\n<p>\u0160t\u00fadium v Tren\u010d\u00edne mu uk\u00e1zalo, \u017ee by\u0165 s\u00fa\u010das\u0165ou kv\u00edr komunity je lie\u010div\u00e9 a preto si ju teraz vytv\u00e1ra v Prahe, kde \u017eije. Praha je miesto, kde dok\u00e1\u017ee Slovensko pozorova\u0165 s l\u00e1skou a porozumen\u00edm, bez bolest\u00ed, ktor\u00e1 sa mu jatria pri n\u00e1vratoch. D\u00e1 sa Slovensko \u013e\u00fabi\u0165 u\u017e iba z dia\u013eky, spolo\u010dne p\u00e1trame.<\/p>\n\n\n\n<p>Aktu\u00e1lny diel Teplej vlny si m\u00f4\u017eete pozrie\u0165 ni\u017e\u0161ie na\u00a0<a href=\"https:\/\/youtu.be\/U9HDxHSLmHE?si=MWyyP5L9YjVmq2bX\">YouTube<\/a>\u00a0alebo podcastov\u00fdch platform\u00e1ch\u00a0SME,\u00a0<a href=\"https:\/\/open.spotify.com\/episode\/2UaXeSjstSD8KZE5fZIbnQ?si=090b588c2fc34c5f\">Spotify<\/a>,\u00a0<a href=\"https:\/\/www.podbean.com\/ew\/pb-r266a-173abf0\">PodBean<\/a>\u00a0alebo\u00a0<a href=\"https:\/\/podcasts.apple.com\/us\/podcast\/tepl%C3%A1-vlna-s-liberty-samota-mi-uk%C3%A1zala-cestu-k-umeniu\/id1507703606?i=1000677590074\">Apple Podcasts<\/a>.<\/p>\n\n\n\n<figure class=\"wp-block-embed is-type-video is-provider-youtube wp-block-embed-youtube wp-embed-aspect-16-9 wp-has-aspect-ratio\"><div class=\"wp-block-embed__wrapper\">\n<iframe loading=\"lazy\" title=\"Tepl\u00e1 vlna s Liberty: Samota mi uk\u00e1zala cestu k umeniu a sebapoznaniu, vrav\u00ed Bystr\u00edk Kl\u010do\" width=\"1778\" height=\"1000\" src=\"https:\/\/www.youtube.com\/embed\/U9HDxHSLmHE?feature=oembed\" frameborder=\"0\" allow=\"accelerometer; autoplay; clipboard-write; encrypted-media; gyroscope; picture-in-picture; web-share\" referrerpolicy=\"strict-origin-when-cross-origin\" allowfullscreen><\/iframe>\n<\/div><\/figure>\n\n\n\n<p>Tepl\u00e1 vlna je podcast Divadla NOMANTINELS, v ktorom sa rozpr\u00e1vame so zauj\u00edmav\u00fdmi osobnos\u0165ami a \u013eu\u010fmi zo slovenskej queer komunity o ich \u017eivote, in\u0161pirat\u00edvnych veciach, ktor\u00fdmi sa zaoberaj\u00fa a odvahe, ktor\u00e1 im pomohla prekona\u0165 predsudky okolia.<\/p>\n\n\n\n<p>Financovan\u00e9 zo zdrojov Eur\u00f3pskej \u00fanie z programu \u201e<a href=\"https:\/\/commission.europa.eu\/funding-tenders\/find-funding\/eu-funding-programmes\/citizens-equality-rights-and-values-programme_en\">Citizens, Equality and Value Programme<\/a>.\u201c Podcast podporil aj&nbsp;<a href=\"https:\/\/www.fpu.sk\/sk\/\">Fond na podporu umenia<\/a>,&nbsp;<a href=\"https:\/\/bratislavskykraj.sk\/\">Bratislavsk\u00fd samospr\u00e1vny kraj<\/a>&nbsp;a&nbsp;<a href=\"https:\/\/nadaciamesta.bratislava.sk\/\">Nad\u00e1cia mesta Bratislavy<\/a>. Partnerom podcastu je&nbsp;<a href=\"https:\/\/www.sme.sk\/\">denn\u00edk SME<\/a>.<\/p>\n\n\n\n<p>Foto: Jakub Kov\u00e1\u010d<\/p>\n","protected":false},"excerpt":{"rendered":"<p>\u201eSamota, ktor\u00fa som pre\u017e\u00edval, mi uk\u00e1zala cestu k vlastn\u00e9mu svetu a fant\u00e1zii, ktor\u00fa teraz vklad\u00e1m do svojej tvorby. Bola ak\u00fdmsi darom a barli\u010dkou k sebapoznaniu.\u201d Umelec Bystr\u00edk Kl\u010do si v <a href=\"https:\/\/duhovyrok.sk\/tepla-vlna\/2024\/11\/20\/tepla-vlna-s-liberty-samota-mi-ukazala-cestu-k-umeniu-a-sebapoznaniu-vravi-bystrik-klco\/\" class=\"more-link\">&#8230;<\/a><\/p>\n","protected":false},"author":9,"featured_media":2214,"comment_status":"closed","ping_status":"open","sticky":false,"template":"","format":"standard","meta":{"footnotes":""},"categories":[3,2],"tags":[281,99,174,282,5,251,111],"class_list":["post-2207","post","type-post","status-publish","format-standard","has-post-thumbnail","hentry","category-novinky","category-tepla-vlna","tag-bystrik-klco","tag-from-tepla-vlna","tag-liberty-blake-simon","tag-model","tag-tepla-vlna","tag-tepla-vlna-s-liberty","tag-umelec"],"_links":{"self":[{"href":"https:\/\/duhovyrok.sk\/tepla-vlna\/wp-json\/wp\/v2\/posts\/2207","targetHints":{"allow":["GET"]}}],"collection":[{"href":"https:\/\/duhovyrok.sk\/tepla-vlna\/wp-json\/wp\/v2\/posts"}],"about":[{"href":"https:\/\/duhovyrok.sk\/tepla-vlna\/wp-json\/wp\/v2\/types\/post"}],"author":[{"embeddable":true,"href":"https:\/\/duhovyrok.sk\/tepla-vlna\/wp-json\/wp\/v2\/users\/9"}],"replies":[{"embeddable":true,"href":"https:\/\/duhovyrok.sk\/tepla-vlna\/wp-json\/wp\/v2\/comments?post=2207"}],"version-history":[{"count":1,"href":"https:\/\/duhovyrok.sk\/tepla-vlna\/wp-json\/wp\/v2\/posts\/2207\/revisions"}],"predecessor-version":[{"id":2208,"href":"https:\/\/duhovyrok.sk\/tepla-vlna\/wp-json\/wp\/v2\/posts\/2207\/revisions\/2208"}],"wp:featuredmedia":[{"embeddable":true,"href":"https:\/\/duhovyrok.sk\/tepla-vlna\/wp-json\/wp\/v2\/media\/2214"}],"wp:attachment":[{"href":"https:\/\/duhovyrok.sk\/tepla-vlna\/wp-json\/wp\/v2\/media?parent=2207"}],"wp:term":[{"taxonomy":"category","embeddable":true,"href":"https:\/\/duhovyrok.sk\/tepla-vlna\/wp-json\/wp\/v2\/categories?post=2207"},{"taxonomy":"post_tag","embeddable":true,"href":"https:\/\/duhovyrok.sk\/tepla-vlna\/wp-json\/wp\/v2\/tags?post=2207"}],"curies":[{"name":"wp","href":"https:\/\/api.w.org\/{rel}","templated":true}]}}