{"id":2204,"date":"2024-11-13T10:43:49","date_gmt":"2024-11-13T09:43:49","guid":{"rendered":"https:\/\/duhovyrok.sk\/tepla-vlna\/?p=2204"},"modified":"2024-11-13T10:44:07","modified_gmt":"2024-11-13T09:44:07","slug":"tepla-vlna-s-andrejom-umelkyna-natalia-drevenakova-o-vyrastani-a-o-hneve-po-vrazde-matusa-a-juraja","status":"publish","type":"post","link":"https:\/\/duhovyrok.sk\/tepla-vlna\/2024\/11\/13\/tepla-vlna-s-andrejom-umelkyna-natalia-drevenakova-o-vyrastani-a-o-hneve-po-vrazde-matusa-a-juraja\/","title":{"rendered":"Tepl\u00e1 vlna s Andrejom: Umelky\u0148a Nat\u00e1lia Dreven\u00e1kov\u00e1 o vyrastan\u00ed a o hneve po vra\u017ede Mat\u00fa\u0161a a Juraja"},"content":{"rendered":"\n<p>Nat\u00e1lia Dreven\u00e1kov\u00e1 vy\u0161tudovala Vysok\u00e9 u\u010den\u00ed technick\u00e9 v Brne, konkr\u00e9tne telov\u00fd dizajn, ktor\u00fd vych\u00e1dza z feministickej praxe. Projekt, ktor\u00e9mu sa dlhodobo venuje, sa vol\u00e1 reklamovanie trad\u00edci\u00ed. Sama vyrastala v kres\u0165anskom spolo\u010denstve, pravidelne nav\u0161tevovala kres\u0165ansk\u00e9 t\u00e1bory a spom\u00edna na to celkom v dobrom. <\/p>\n\n\n\n<p>V novej epiz\u00f3de Teplej vlny rozpr\u00e1vala o svojom objekte na v\u00fdstave Dancing in the Dark, ktor\u00fd m\u00e1 n\u00e1zov H\u00e1\u010dkovan\u00fd uvo\u013e\u0148ova\u010d hnevu, a bol vyroben\u00fd z recyklovan\u00e9ho \u013eanu. Reflektovala tak vra\u017edu Juraja a Mat\u00fa\u0161a v Tepl\u00e1rni na Z\u00e1mockej ulici a z\u00e1rove\u0148 priniesla trad\u00edciu h\u00e1\u010dkovania, ktor\u00e1 je na Slovensku v\u00fdnimo\u010dn\u00e1. Sama mala v Tepl\u00e1rni svoju prv\u00fa m\u00f3dnu prehliadku.<\/p>\n\n\n\n<p> Pribl\u00ed\u017eila viacer\u00e9 svoje diela, porozpr\u00e1vala, ak\u00e9 je to by\u0165 kostym\u00e9rkou v seri\u00e1li Dunaj k va\u0161im slu\u017eb\u00e1m. Zverila sa, \u010do v\u0161etko obetuj\u00fa \u013eudia v kult\u00fare. Tie\u017e pribl\u00ed\u017eila ako zistila svoju kv\u00edr identitu, a pre\u010do ju to \u0165ah\u00e1 k polyam\u00f3rii. <\/p>\n\n\n\n<p>Aktu\u00e1lny diel Teplej vlny si m\u00f4\u017eete pozrie\u0165 ni\u017e\u0161ie na\u00a0<a href=\"https:\/\/youtu.be\/Dj4_BqJgU_Y?si=q50xyOI4Ph0Fso6z\">YouTube<\/a>\u00a0alebo podcastov\u00fdch platform\u00e1ch\u00a0SME,\u00a0<a href=\"https:\/\/open.spotify.com\/episode\/4MQ8rdXeDkubDWmKp6WYVb?si=5be5058c5d4f4163\">Spotify<\/a>,\u00a0<a href=\"https:\/\/www.podbean.com\/ew\/pb-i4y9k-1736dea\">PodBean<\/a>\u00a0alebo\u00a0<a href=\"https:\/\/podcasts.apple.com\/us\/podcast\/tepl%C3%A1-vlna-s-andrejom-umelky%C5%88a-nat%C3%A1lia-dreven%C3%A1kov%C3%A1\/id1507703606?i=1000676756192\">Apple Podcasts<\/a>.<\/p>\n\n\n\n<figure class=\"wp-block-embed is-type-video is-provider-youtube wp-block-embed-youtube wp-embed-aspect-16-9 wp-has-aspect-ratio\"><div class=\"wp-block-embed__wrapper\">\n<iframe loading=\"lazy\" title=\"Tepl\u00e1 vlna s Andrejom: Umelky\u0148a Nat\u00e1lia Dreven\u00e1kov\u00e1 o vyrastan\u00ed a o hneve po vra\u017ede Mat\u00fa\u0161a a Juraja\" width=\"1778\" height=\"1000\" src=\"https:\/\/www.youtube.com\/embed\/Dj4_BqJgU_Y?feature=oembed\" frameborder=\"0\" allow=\"accelerometer; autoplay; clipboard-write; encrypted-media; gyroscope; picture-in-picture; web-share\" referrerpolicy=\"strict-origin-when-cross-origin\" allowfullscreen><\/iframe>\n<\/div><\/figure>\n\n\n\n<p>Tepl\u00e1 vlna je podcast Divadla NOMANTINELS, v ktorom sa rozpr\u00e1vame so zauj\u00edmav\u00fdmi osobnos\u0165ami a \u013eu\u010fmi zo slovenskej queer komunity o ich \u017eivote, in\u0161pirat\u00edvnych veciach, ktor\u00fdmi sa zaoberaj\u00fa a odvahe, ktor\u00e1 im pomohla prekona\u0165 predsudky okolia. <\/p>\n\n\n\n<p>Financovan\u00e9 zo zdrojov Eur\u00f3pskej \u00fanie z programu \u201e<a href=\"https:\/\/commission.europa.eu\/funding-tenders\/find-funding\/eu-funding-programmes\/citizens-equality-rights-and-values-programme_en\">Citizens, Equality and Value Programme<\/a>.\u201c Podcast podporil aj\u00a0<a href=\"https:\/\/www.fpu.sk\/sk\/\">Fond na podporu umenia<\/a>,\u00a0<a href=\"https:\/\/bratislavskykraj.sk\/\">Bratislavsk\u00fd samospr\u00e1vny kraj<\/a>\u00a0a\u00a0<a href=\"https:\/\/nadaciamesta.bratislava.sk\/\">Nad\u00e1cia mesta Bratislavy<\/a>. Partnerom podcastu je\u00a0<a href=\"https:\/\/www.sme.sk\/\">denn\u00edk SME<\/a>.<\/p>\n\n\n\n<p>Foto: Jakub Kov\u00e1\u010d<\/p>\n\n\n\n<p><\/p>\n","protected":false},"excerpt":{"rendered":"<p>Nat\u00e1lia Dreven\u00e1kov\u00e1 vy\u0161tudovala Vysok\u00e9 u\u010den\u00ed technick\u00e9 v Brne, konkr\u00e9tne telov\u00fd dizajn, ktor\u00fd vych\u00e1dza z feministickej praxe. Projekt, ktor\u00e9mu sa dlhodobo venuje, sa vol\u00e1 reklamovanie trad\u00edci\u00ed. Sama vyrastala v kres\u0165anskom spolo\u010denstve, <a href=\"https:\/\/duhovyrok.sk\/tepla-vlna\/2024\/11\/13\/tepla-vlna-s-andrejom-umelkyna-natalia-drevenakova-o-vyrastani-a-o-hneve-po-vrazde-matusa-a-juraja\/\" class=\"more-link\">&#8230;<\/a><\/p>\n","protected":false},"author":9,"featured_media":2205,"comment_status":"closed","ping_status":"open","sticky":false,"template":"","format":"standard","meta":{"footnotes":""},"categories":[3,2],"tags":[18,99,279,4,23,5,71],"class_list":["post-2204","post","type-post","status-publish","format-standard","has-post-thumbnail","hentry","category-novinky","category-tepla-vlna","tag-andrej-kuruc","tag-from-tepla-vlna","tag-natalia-drevenakova","tag-podcast","tag-queer","tag-tepla-vlna","tag-umelkyna"],"_links":{"self":[{"href":"https:\/\/duhovyrok.sk\/tepla-vlna\/wp-json\/wp\/v2\/posts\/2204","targetHints":{"allow":["GET"]}}],"collection":[{"href":"https:\/\/duhovyrok.sk\/tepla-vlna\/wp-json\/wp\/v2\/posts"}],"about":[{"href":"https:\/\/duhovyrok.sk\/tepla-vlna\/wp-json\/wp\/v2\/types\/post"}],"author":[{"embeddable":true,"href":"https:\/\/duhovyrok.sk\/tepla-vlna\/wp-json\/wp\/v2\/users\/9"}],"replies":[{"embeddable":true,"href":"https:\/\/duhovyrok.sk\/tepla-vlna\/wp-json\/wp\/v2\/comments?post=2204"}],"version-history":[{"count":1,"href":"https:\/\/duhovyrok.sk\/tepla-vlna\/wp-json\/wp\/v2\/posts\/2204\/revisions"}],"predecessor-version":[{"id":2206,"href":"https:\/\/duhovyrok.sk\/tepla-vlna\/wp-json\/wp\/v2\/posts\/2204\/revisions\/2206"}],"wp:featuredmedia":[{"embeddable":true,"href":"https:\/\/duhovyrok.sk\/tepla-vlna\/wp-json\/wp\/v2\/media\/2205"}],"wp:attachment":[{"href":"https:\/\/duhovyrok.sk\/tepla-vlna\/wp-json\/wp\/v2\/media?parent=2204"}],"wp:term":[{"taxonomy":"category","embeddable":true,"href":"https:\/\/duhovyrok.sk\/tepla-vlna\/wp-json\/wp\/v2\/categories?post=2204"},{"taxonomy":"post_tag","embeddable":true,"href":"https:\/\/duhovyrok.sk\/tepla-vlna\/wp-json\/wp\/v2\/tags?post=2204"}],"curies":[{"name":"wp","href":"https:\/\/api.w.org\/{rel}","templated":true}]}}