{"id":2199,"date":"2024-10-16T15:09:57","date_gmt":"2024-10-16T13:09:57","guid":{"rendered":"https:\/\/duhovyrok.sk\/tepla-vlna\/?p=2199"},"modified":"2024-10-16T15:14:36","modified_gmt":"2024-10-16T13:14:36","slug":"tepla-vlna-s-liberty-stastie-a-bezpecie-si-tvorime-sam-v-sebe-vravia-kvir-studenti-matilda-a-juraj","status":"publish","type":"post","link":"https:\/\/duhovyrok.sk\/tepla-vlna\/2024\/10\/16\/tepla-vlna-s-liberty-stastie-a-bezpecie-si-tvorime-sam-v-sebe-vravia-kvir-studenti-matilda-a-juraj\/","title":{"rendered":"Tepl\u00e1 vlna s Liberty: \u0160\u0165astie a bezpe\u010die si tvor\u00edme s\u00e1m v sebe, vravia kv\u00edr \u0161tudenti Matilda a Juraj"},"content":{"rendered":"\n<p>\u201eMysl\u00edm si, \u017ee je d\u00f4le\u017eit\u00e9 st\u00e1le si pripom\u00edna\u0165, \u017ee nie ste sami. Kv\u00edr a trans \u013eud\u00ed je na Slovensku ve\u013ea. Nebojte sa vyh\u013eada\u0165 \u013eud\u00ed, ktor\u00ed v\u00e1s nebud\u00fa spochyb\u0148ova\u0165, ktor\u00ed v\u00e1s bud\u00fa podporova\u0165, bud\u00fa rozumie\u0165 va\u0161\u00edm pochybnostiam, probl\u00e9mom a zdie\u013ea\u0165 va\u0161e nad\u0161enie z mali\u010dkost\u00ed,\u201c hovor\u00ed \u0161tudentka Matilda. Jej odhodlanie je obdivuhodn\u00e9.<\/p>\n\n\n\n<p>Na Slovensku chce osta\u0165 a c\u00edti za neho zodpovednos\u0165. \u010eal\u0161\u00ed \u0161tudent Juraj si svoj svet tvor\u00ed s\u00e1m. Z diskusie s nimi vypl\u00fdva, \u017ee na\u0161a bublina je odrazom sveta, ktor\u00fd chceme vidie\u0165 okolo n\u00e1s. V rozhovore s Jurajom a Matildou sa rozpr\u00e1vame o tom, ako kvitn\u00fa\u0165 i v prostred\u00ed, ktor\u00e9 praje sk\u00f4r kaktusom.<\/p>\n\n\n\n<p>Aktu\u00e1lny diel Teplej vlny si m\u00f4\u017eete pozrie\u0165 ni\u017e\u0161ie na&nbsp;<a href=\"https:\/\/youtu.be\/JtkykpoK06o?si=btrA0QuzVbu9do9R\">YouTube<\/a>&nbsp;alebo podcastov\u00fdch platform\u00e1ch&nbsp;SME,&nbsp;<a href=\"https:\/\/open.spotify.com\/episode\/4CqlnQNoeBmwZsN2XUqojU?si=1cbdc19ffd8f4548\">Spotify<\/a>,&nbsp;<a href=\"https:\/\/www.podbean.com\/ew\/pb-z4k7n-170892e\">PodBean<\/a>&nbsp;alebo&nbsp;<a href=\"https:\/\/podcasts.apple.com\/us\/podcast\/tepl%C3%A1-vlna-s-liberty-%C5%A1%C5%A5astie-a-bezpe%C4%8Die-si-tvor%C3%ADme\/id1507703606?i=1000673271143\">Apple Podcasts<\/a>.<\/p>\n\n\n\n<figure class=\"wp-block-embed is-type-video is-provider-youtube wp-block-embed-youtube wp-embed-aspect-16-9 wp-has-aspect-ratio\"><div class=\"wp-block-embed__wrapper\">\n<iframe loading=\"lazy\" title=\"Tepl\u00e1 vlna s Liberty: \u0160\u0165astie a bezpe\u010die si tvor\u00edme s\u00e1m v sebe, vravia kv\u00edr \u0161tudenti Matilda a Juraj\" width=\"1778\" height=\"1000\" src=\"https:\/\/www.youtube.com\/embed\/JtkykpoK06o?feature=oembed\" frameborder=\"0\" allow=\"accelerometer; autoplay; clipboard-write; encrypted-media; gyroscope; picture-in-picture; web-share\" referrerpolicy=\"strict-origin-when-cross-origin\" allowfullscreen><\/iframe>\n<\/div><\/figure>\n\n\n\n<p>Tepl\u00e1 vlna je podcast Divadla NOMANTINELS, v ktorom sa rozpr\u00e1vame so zauj\u00edmav\u00fdmi osobnos\u0165ami a \u013eu\u010fmi zo slovenskej queer komunity o ich \u017eivote, in\u0161pirat\u00edvnych veciach, ktor\u00fdmi sa zaoberaj\u00fa a odvahe, ktor\u00e1 im pomohla prekona\u0165 predsudky okolia.<\/p>\n\n\n\n<p>Financovan\u00e9 zo zdrojov Eur\u00f3pskej \u00fanie z programu \u201e<a href=\"https:\/\/commission.europa.eu\/funding-tenders\/find-funding\/eu-funding-programmes\/citizens-equality-rights-and-values-programme_en\">Citizens, Equality and Value Programme<\/a>.\u201c Podcast podporil aj&nbsp;<a href=\"https:\/\/www.fpu.sk\/sk\/\">Fond na podporu umenia<\/a>,&nbsp;<a href=\"https:\/\/bratislavskykraj.sk\/\">Bratislavsk\u00fd samospr\u00e1vny kraj<\/a>&nbsp;a&nbsp;<a href=\"https:\/\/nadaciamesta.bratislava.sk\/\">Nad\u00e1cia mesta Bratislavy<\/a>. Partnerom podcastu je&nbsp;<a href=\"https:\/\/www.sme.sk\/\">denn\u00edk SME<\/a>.<\/p>\n\n\n\n<p>Foto: Jakub Kov\u00e1\u010d<\/p>\n\n\n\n<p><\/p>\n","protected":false},"excerpt":{"rendered":"<p>\u201eMysl\u00edm si, \u017ee je d\u00f4le\u017eit\u00e9 st\u00e1le si pripom\u00edna\u0165, \u017ee nie ste sami. Kv\u00edr a trans \u013eud\u00ed je na Slovensku ve\u013ea. Nebojte sa vyh\u013eada\u0165 \u013eud\u00ed, ktor\u00ed v\u00e1s nebud\u00fa spochyb\u0148ova\u0165, ktor\u00ed v\u00e1s <a href=\"https:\/\/duhovyrok.sk\/tepla-vlna\/2024\/10\/16\/tepla-vlna-s-liberty-stastie-a-bezpecie-si-tvorime-sam-v-sebe-vravia-kvir-studenti-matilda-a-juraj\/\" class=\"more-link\">&#8230;<\/a><\/p>\n","protected":false},"author":9,"featured_media":2200,"comment_status":"closed","ping_status":"open","sticky":false,"template":"","format":"standard","meta":{"footnotes":""},"categories":[3,2],"tags":[99,276,274,174,275,278,277,5,251],"class_list":["post-2199","post","type-post","status-publish","format-standard","has-post-thumbnail","hentry","category-novinky","category-tepla-vlna","tag-from-tepla-vlna","tag-juraj","tag-kvir-studenti","tag-liberty-blake-simon","tag-matilda","tag-mladez","tag-studenti","tag-tepla-vlna","tag-tepla-vlna-s-liberty"],"_links":{"self":[{"href":"https:\/\/duhovyrok.sk\/tepla-vlna\/wp-json\/wp\/v2\/posts\/2199","targetHints":{"allow":["GET"]}}],"collection":[{"href":"https:\/\/duhovyrok.sk\/tepla-vlna\/wp-json\/wp\/v2\/posts"}],"about":[{"href":"https:\/\/duhovyrok.sk\/tepla-vlna\/wp-json\/wp\/v2\/types\/post"}],"author":[{"embeddable":true,"href":"https:\/\/duhovyrok.sk\/tepla-vlna\/wp-json\/wp\/v2\/users\/9"}],"replies":[{"embeddable":true,"href":"https:\/\/duhovyrok.sk\/tepla-vlna\/wp-json\/wp\/v2\/comments?post=2199"}],"version-history":[{"count":2,"href":"https:\/\/duhovyrok.sk\/tepla-vlna\/wp-json\/wp\/v2\/posts\/2199\/revisions"}],"predecessor-version":[{"id":2202,"href":"https:\/\/duhovyrok.sk\/tepla-vlna\/wp-json\/wp\/v2\/posts\/2199\/revisions\/2202"}],"wp:featuredmedia":[{"embeddable":true,"href":"https:\/\/duhovyrok.sk\/tepla-vlna\/wp-json\/wp\/v2\/media\/2200"}],"wp:attachment":[{"href":"https:\/\/duhovyrok.sk\/tepla-vlna\/wp-json\/wp\/v2\/media?parent=2199"}],"wp:term":[{"taxonomy":"category","embeddable":true,"href":"https:\/\/duhovyrok.sk\/tepla-vlna\/wp-json\/wp\/v2\/categories?post=2199"},{"taxonomy":"post_tag","embeddable":true,"href":"https:\/\/duhovyrok.sk\/tepla-vlna\/wp-json\/wp\/v2\/tags?post=2199"}],"curies":[{"name":"wp","href":"https:\/\/api.w.org\/{rel}","templated":true}]}}