{"id":2190,"date":"2024-10-02T13:44:53","date_gmt":"2024-10-02T11:44:53","guid":{"rendered":"https:\/\/duhovyrok.sk\/tepla-vlna\/?p=2190"},"modified":"2024-10-02T13:45:48","modified_gmt":"2024-10-02T11:45:48","slug":"tepla-vlna-s-andrejom-v-pravach-lgbti-ludi-sme-doslova-na-chvoste-eu-vravi-silvia-porubanova","status":"publish","type":"post","link":"https:\/\/duhovyrok.sk\/tepla-vlna\/2024\/10\/02\/tepla-vlna-s-andrejom-v-pravach-lgbti-ludi-sme-doslova-na-chvoste-eu-vravi-silvia-porubanova\/","title":{"rendered":"Tepl\u00e1 vlna s Andrejom: V pr\u00e1vach LGBTI+ \u013eud\u00ed sme doslova na chvoste E\u00da, vrav\u00ed Silvia Porub\u00e4nov\u00e1"},"content":{"rendered":"\n<p>Silvia Porub\u00e4nov\u00e1 zo Slovensk\u00e9ho n\u00e1rodn\u00e9ho strediska pre \u013eudsk\u00e9 pr\u00e1va porozpr\u00e1vala, ako sa zmenila situ\u00e1cia LGBTI+ \u013eud\u00ed po\u010das \u0161tyroch rokov. Legislat\u00edvna medzera sa pod\u013ea nej medzi nami a ostatn\u00fdmi \u0161t\u00e1tmi prehlbuje, pr\u00e1vo sa vyv\u00edja, ale na Slovensku stagnujeme.<\/p>\n\n\n\n<p>Zlep\u0161enie pod\u013ea nej nenastalo ani po teroristickom \u00fatoku v Tepl\u00e1rni. Tie\u017e uviedla, \u017ee pred vo\u013ebami rezonovala t\u00e9ma LGBTI+ \u013eud\u00ed v negat\u00edvnom zmysle. Porozpr\u00e1vala o tom, ako vn\u00edma, ke\u010f niektor\u00ed politici a politi\u010dky svoju LGBTI+ identitu nezverej\u0148uj\u00fa. Dotkli sme sa aj zru\u0161enia \u0161tandardov k medic\u00ednskej tranz\u00edcii transrodov\u00fdch \u013eud\u00ed.<\/p>\n\n\n\n<p>Zhrnula tie\u017e, \u010do v\u0161etko stredisko pre LGBTI+ \u013eud\u00ed rob\u00ed. V pr\u00edpade potreby pomoci, stredisko m\u00f4\u017eete kontaktova\u0165 cez str\u00e1nku <a href=\"http:\/\/www.snslp.sk\" data-type=\"link\" data-id=\"www.snslp.sk\">www.snslp.sk<\/a>.<\/p>\n\n\n\n<p>Aktu\u00e1lnu epiz\u00f3du Teplej vlny si m\u00f4\u017eete pozrie\u0165 ni\u017e\u0161ie na\u00a0<a href=\"https:\/\/youtu.be\/UJiI_QoWM0c?si=biPXKMFGECdm91Lm\">YouTube<\/a>\u00a0alebo podcastov\u00fdch platform\u00e1ch\u00a0SME,\u00a0<a href=\"https:\/\/open.spotify.com\/episode\/3kT3UeNWCueFYap7opgOGj?si=837aca927c044d81\">Spotify<\/a>,\u00a0<a href=\"https:\/\/www.podbean.com\/ew\/pb-e74rv-16eb3f9\">PodBean<\/a>\u00a0alebo\u00a0<a href=\"https:\/\/podcasts.apple.com\/us\/podcast\/tepl%C3%A1-vlna-s-andrejom-v-pr%C3%A1vach-lgbti-%C4%BEud%C3%AD-sme-doslova\/id1507703606?i=1000671510060\">Apple Podcasts<\/a>.<\/p>\n\n\n\n<figure class=\"wp-block-embed is-type-video is-provider-youtube wp-block-embed-youtube wp-embed-aspect-16-9 wp-has-aspect-ratio\"><div class=\"wp-block-embed__wrapper\">\n<iframe loading=\"lazy\" title=\"Tepl\u00e1 vlna s Andrejom: V pr\u00e1vach LGBTI+ \u013eud\u00ed sme doslova na chvoste E\u00da, vrav\u00ed Silvia Porub\u00e4nov\u00e1\" width=\"1778\" height=\"1000\" src=\"https:\/\/www.youtube.com\/embed\/UJiI_QoWM0c?feature=oembed\" frameborder=\"0\" allow=\"accelerometer; autoplay; clipboard-write; encrypted-media; gyroscope; picture-in-picture; web-share\" referrerpolicy=\"strict-origin-when-cross-origin\" allowfullscreen><\/iframe>\n<\/div><\/figure>\n\n\n\n<p>Tepl\u00e1 vlna je podcast Divadla NOMANTINELS, v ktorom sa rozpr\u00e1vame so zauj\u00edmav\u00fdmi osobnos\u0165ami a \u013eu\u010fmi zo slovenskej queer komunity o ich \u017eivote, in\u0161pirat\u00edvnych veciach, ktor\u00fdmi sa zaoberaj\u00fa a odvahe, ktor\u00e1 im pomohla prekona\u0165 predsudky okolia.<\/p>\n\n\n\n<p>Financovan\u00e9 zo zdrojov Eur\u00f3pskej \u00fanie z programu \u201e<a href=\"https:\/\/commission.europa.eu\/funding-tenders\/find-funding\/eu-funding-programmes\/citizens-equality-rights-and-values-programme_en\">Citizens, Equality and Value Programme<\/a>.\u201c              Podcast podporil aj\u00a0<a href=\"https:\/\/www.fpu.sk\/sk\/\">Fond na podporu umenia<\/a>,\u00a0<a href=\"https:\/\/bratislavskykraj.sk\/\">Bratislavsk\u00fd samospr\u00e1vny kraj<\/a>\u00a0a\u00a0<a href=\"https:\/\/nadaciamesta.bratislava.sk\/\">Nad\u00e1cia mesta Bratislavy<\/a>. Partnerom podcastu je\u00a0<a href=\"https:\/\/www.sme.sk\/\">denn\u00edk SME<\/a>.<\/p>\n\n\n\n<p>Foto: Jakub Kov\u00e1\u010d<\/p>\n","protected":false},"excerpt":{"rendered":"<p>Silvia Porub\u00e4nov\u00e1 zo Slovensk\u00e9ho n\u00e1rodn\u00e9ho strediska pre \u013eudsk\u00e9 pr\u00e1va porozpr\u00e1vala, ako sa zmenila situ\u00e1cia LGBTI+ \u013eud\u00ed po\u010das \u0161tyroch rokov. Legislat\u00edvna medzera sa pod\u013ea nej medzi nami a ostatn\u00fdmi \u0161t\u00e1tmi prehlbuje, <a href=\"https:\/\/duhovyrok.sk\/tepla-vlna\/2024\/10\/02\/tepla-vlna-s-andrejom-v-pravach-lgbti-ludi-sme-doslova-na-chvoste-eu-vravi-silvia-porubanova\/\" class=\"more-link\">&#8230;<\/a><\/p>\n","protected":false},"author":9,"featured_media":2191,"comment_status":"closed","ping_status":"open","sticky":false,"template":"","format":"standard","meta":{"footnotes":""},"categories":[3,2],"tags":[18,99,138,270,272,273,5,271],"class_list":["post-2190","post","type-post","status-publish","format-standard","has-post-thumbnail","hentry","category-novinky","category-tepla-vlna","tag-andrej-kuruc","tag-from-tepla-vlna","tag-ludskeprava","tag-silvia-porubanova","tag-slovenske-narodne-stredisko-pre-ludske-prava","tag-snslp","tag-tepla-vlna","tag-tepla-vlna-s-andrejom"],"_links":{"self":[{"href":"https:\/\/duhovyrok.sk\/tepla-vlna\/wp-json\/wp\/v2\/posts\/2190","targetHints":{"allow":["GET"]}}],"collection":[{"href":"https:\/\/duhovyrok.sk\/tepla-vlna\/wp-json\/wp\/v2\/posts"}],"about":[{"href":"https:\/\/duhovyrok.sk\/tepla-vlna\/wp-json\/wp\/v2\/types\/post"}],"author":[{"embeddable":true,"href":"https:\/\/duhovyrok.sk\/tepla-vlna\/wp-json\/wp\/v2\/users\/9"}],"replies":[{"embeddable":true,"href":"https:\/\/duhovyrok.sk\/tepla-vlna\/wp-json\/wp\/v2\/comments?post=2190"}],"version-history":[{"count":2,"href":"https:\/\/duhovyrok.sk\/tepla-vlna\/wp-json\/wp\/v2\/posts\/2190\/revisions"}],"predecessor-version":[{"id":2193,"href":"https:\/\/duhovyrok.sk\/tepla-vlna\/wp-json\/wp\/v2\/posts\/2190\/revisions\/2193"}],"wp:featuredmedia":[{"embeddable":true,"href":"https:\/\/duhovyrok.sk\/tepla-vlna\/wp-json\/wp\/v2\/media\/2191"}],"wp:attachment":[{"href":"https:\/\/duhovyrok.sk\/tepla-vlna\/wp-json\/wp\/v2\/media?parent=2190"}],"wp:term":[{"taxonomy":"category","embeddable":true,"href":"https:\/\/duhovyrok.sk\/tepla-vlna\/wp-json\/wp\/v2\/categories?post=2190"},{"taxonomy":"post_tag","embeddable":true,"href":"https:\/\/duhovyrok.sk\/tepla-vlna\/wp-json\/wp\/v2\/tags?post=2190"}],"curies":[{"name":"wp","href":"https:\/\/api.w.org\/{rel}","templated":true}]}}