{"id":2183,"date":"2024-09-25T06:22:09","date_gmt":"2024-09-25T04:22:09","guid":{"rendered":"https:\/\/duhovyrok.sk\/tepla-vlna\/?p=2183"},"modified":"2024-09-25T12:45:31","modified_gmt":"2024-09-25T10:45:31","slug":"tepla-vlna-s-marekom-spevak-vojtik-nielen-o-zaciatkoch-v-romskom-folklornom-subore","status":"publish","type":"post","link":"https:\/\/duhovyrok.sk\/tepla-vlna\/2024\/09\/25\/tepla-vlna-s-marekom-spevak-vojtik-nielen-o-zaciatkoch-v-romskom-folklornom-subore\/","title":{"rendered":"Tepl\u00e1 vlna s Marekom: Spev\u00e1k Vojt\u00edk nielen o za\u010diatkoch v r\u00f3mskom folkl\u00f3rnom s\u00fabore"},"content":{"rendered":"\n<p>Za\u010d\u00ednal v r\u00f3mskom folkl\u00f3rnom s\u00fabore, do ktor\u00e9ho bola zapojen\u00e1 cel\u00e1 jeho rodina. Spev\u00e1k Vojtech Klinec alias Vojt\u00edk pred rokom zaujal pesni\u010dkou Detviansky sen a n\u00e1sledne nahr\u00e1vkou Kvety z Podpo\u013eania. Zn\u00e1mym bol v\u0161ak u\u017e predt\u00fdm vyst\u00fapeniami s <a href=\"https:\/\/www.instagram.com\/queertime_show\/\">Queer Time Show<\/a>, kabaretn\u00fdm programom z Banskej Bystrice, kde vystupoval ako drag queen Kassandra. <\/p>\n\n\n\n<p>Na konzervat\u00f3riu \u0161tudoval herectvo, lebo sa v tom obore rie\u0161il tanec aj spev aj vystupovanie. Hoci na koncertoch aj mimo nich neust\u00e1le p\u00f4sob\u00ed veselo a priate\u013esky, hovor\u00ed aj o tom, ako m\u00f4\u017ee by\u0165 n\u00e1hla pozornos\u0165 \u0165a\u017ek\u00e1. V rozhovore sa dot\u00fdkame aj t\u00e9m izol\u00e1cie, n\u00e1rastu extr\u00e9mizmu a ako sa vyrovna\u0165 s hejtom.<\/p>\n\n\n\n<p>Aktu\u00e1lny diel Teplej vlny si m\u00f4\u017eete pozrie\u0165 ni\u017e\u0161ie na\u00a0<a href=\"https:\/\/youtu.be\/v6i3xacMINA?si=TIbGcs-pbPoyNGqw\">YouTube<\/a>\u00a0alebo podcastov\u00fdch platform\u00e1ch\u00a0SME,\u00a0<a href=\"https:\/\/open.spotify.com\/episode\/4ypc4CNOTheUlu0oAKlGTO?si=71eab01ed7434eed\">Spotify<\/a>,\u00a0<a href=\"https:\/\/www.podbean.com\/ew\/pb-bmqzq-16d6bfb\" data-type=\"link\" data-id=\"https:\/\/www.podbean.com\/ew\/pb-bmqzq-16d6bfb\">PodBean<\/a>\u00a0alebo\u00a0<a href=\"https:\/\/podcasts.apple.com\/sk\/podcast\/tepl%C3%A1-vlna-s-marekom-spev%C3%A1k-vojt%C3%ADk-nielen-o-za%C4%8Diatkoch\/id1507703606?i=1000670622203\">Apple Podcasts<\/a>.<\/p>\n\n\n\n<figure class=\"wp-block-embed is-type-video is-provider-youtube wp-block-embed-youtube wp-embed-aspect-16-9 wp-has-aspect-ratio\"><div class=\"wp-block-embed__wrapper\">\n<iframe loading=\"lazy\" title=\"Tepl\u00e1 vlna s Marekom: Spev\u00e1k Vojt\u00edk nielen o za\u010diatkoch v r\u00f3mskom folkl\u00f3rnom s\u00fabore\" width=\"1778\" height=\"1000\" src=\"https:\/\/www.youtube.com\/embed\/v6i3xacMINA?feature=oembed\" frameborder=\"0\" allow=\"accelerometer; autoplay; clipboard-write; encrypted-media; gyroscope; picture-in-picture; web-share\" referrerpolicy=\"strict-origin-when-cross-origin\" allowfullscreen><\/iframe>\n<\/div><\/figure>\n\n\n\n<p>Tepl\u00e1 vlna je podcast Divadla NOMANTINELS, v ktorom sa rozpr\u00e1vame so zauj\u00edmav\u00fdmi osobnos\u0165ami a \u013eu\u010fmi zo slovenskej queer komunity o ich \u017eivote, in\u0161pirat\u00edvnych veciach, ktor\u00fdmi sa zaoberaj\u00fa a odvahe, ktor\u00e1 im pomohla prekona\u0165 predsudky okolia.<\/p>\n\n\n\n<p>Financovan\u00e9 zo zdrojov Eur\u00f3pskej \u00fanie z programu \u201e<a href=\"https:\/\/commission.europa.eu\/funding-tenders\/find-funding\/eu-funding-programmes\/citizens-equality-rights-and-values-programme_en\">Citizens, Equality and Value Programme<\/a>.\u201c Podcast podporil aj&nbsp;<a href=\"https:\/\/www.fpu.sk\/sk\/\">Fond na podporu umenia<\/a>,&nbsp;<a href=\"https:\/\/bratislavskykraj.sk\/\">Bratislavsk\u00fd samospr\u00e1vny kraj<\/a>&nbsp;a&nbsp;<a href=\"https:\/\/nadaciamesta.bratislava.sk\/\">Nad\u00e1cia mesta Bratislavy<\/a>. Partnerom podcastu je&nbsp;<a href=\"https:\/\/www.sme.sk\/\">denn\u00edk SME<\/a>.<\/p>\n\n\n\n<p>Foto: Jakub Kov\u00e1\u010d<\/p>\n","protected":false},"excerpt":{"rendered":"<p>Za\u010d\u00ednal v r\u00f3mskom folkl\u00f3rnom s\u00fabore, do ktor\u00e9ho bola zapojen\u00e1 cel\u00e1 jeho rodina. Spev\u00e1k Vojtech Klinec alias Vojt\u00edk pred rokom zaujal pesni\u010dkou Detviansky sen a n\u00e1sledne nahr\u00e1vkou Kvety z Podpo\u013eania. Zn\u00e1mym <a href=\"https:\/\/duhovyrok.sk\/tepla-vlna\/2024\/09\/25\/tepla-vlna-s-marekom-spevak-vojtik-nielen-o-zaciatkoch-v-romskom-folklornom-subore\/\" class=\"more-link\">&#8230;<\/a><\/p>\n","protected":false},"author":9,"featured_media":2184,"comment_status":"closed","ping_status":"open","sticky":false,"template":"","format":"standard","meta":{"footnotes":""},"categories":[3,2],"tags":[269,99,61,4,268,147,5,267,266],"class_list":["post-2183","post","type-post","status-publish","format-standard","has-post-thumbnail","hentry","category-novinky","category-tepla-vlna","tag-detviansky-sen","tag-from-tepla-vlna","tag-marek-hudec","tag-podcast","tag-queer-time-show","tag-spevak","tag-tepla-vlna","tag-vojtech-klinec","tag-vojtik"],"_links":{"self":[{"href":"https:\/\/duhovyrok.sk\/tepla-vlna\/wp-json\/wp\/v2\/posts\/2183","targetHints":{"allow":["GET"]}}],"collection":[{"href":"https:\/\/duhovyrok.sk\/tepla-vlna\/wp-json\/wp\/v2\/posts"}],"about":[{"href":"https:\/\/duhovyrok.sk\/tepla-vlna\/wp-json\/wp\/v2\/types\/post"}],"author":[{"embeddable":true,"href":"https:\/\/duhovyrok.sk\/tepla-vlna\/wp-json\/wp\/v2\/users\/9"}],"replies":[{"embeddable":true,"href":"https:\/\/duhovyrok.sk\/tepla-vlna\/wp-json\/wp\/v2\/comments?post=2183"}],"version-history":[{"count":3,"href":"https:\/\/duhovyrok.sk\/tepla-vlna\/wp-json\/wp\/v2\/posts\/2183\/revisions"}],"predecessor-version":[{"id":2195,"href":"https:\/\/duhovyrok.sk\/tepla-vlna\/wp-json\/wp\/v2\/posts\/2183\/revisions\/2195"}],"wp:featuredmedia":[{"embeddable":true,"href":"https:\/\/duhovyrok.sk\/tepla-vlna\/wp-json\/wp\/v2\/media\/2184"}],"wp:attachment":[{"href":"https:\/\/duhovyrok.sk\/tepla-vlna\/wp-json\/wp\/v2\/media?parent=2183"}],"wp:term":[{"taxonomy":"category","embeddable":true,"href":"https:\/\/duhovyrok.sk\/tepla-vlna\/wp-json\/wp\/v2\/categories?post=2183"},{"taxonomy":"post_tag","embeddable":true,"href":"https:\/\/duhovyrok.sk\/tepla-vlna\/wp-json\/wp\/v2\/tags?post=2183"}],"curies":[{"name":"wp","href":"https:\/\/api.w.org\/{rel}","templated":true}]}}