{"id":2180,"date":"2024-09-18T11:42:33","date_gmt":"2024-09-18T09:42:33","guid":{"rendered":"https:\/\/duhovyrok.sk\/tepla-vlna\/?p=2180"},"modified":"2024-09-25T06:23:00","modified_gmt":"2024-09-25T04:23:00","slug":"tepla-vlna-s-andrejom-vnucata-majky-ivanicovej-maju-dvoch-otcov","status":"publish","type":"post","link":"https:\/\/duhovyrok.sk\/tepla-vlna\/2024\/09\/18\/tepla-vlna-s-andrejom-vnucata-majky-ivanicovej-maju-dvoch-otcov\/","title":{"rendered":"Tepl\u00e1 vlna s Andrejom: Vn\u00fa\u010dat\u00e1 Majky Ivani\u010dovej maj\u00fa dvoch otcov"},"content":{"rendered":"\n<p>Majka poch\u00e1dza z&nbsp;Banskej \u0160tiavnice a je \u010dlenkou Zdru\u017eenia rodi\u010dov a&nbsp;priate\u013eov LGBTI+ \u013eud\u00ed, ktor\u00e9 funguje u\u017e \u0161tvrt\u00fd rok. Porozpr\u00e1vala n\u00e1m o novej kni\u017eke Nie\u010do ti chcem poveda\u0165, kde sa nach\u00e1dzaj\u00fa pr\u00edbehy rodi\u010dov a&nbsp;ich kv\u00edr det\u00ed. Sama m\u00e1 syna geja, ktor\u00fd s&nbsp;partnerom vychov\u00e1va dve deti a&nbsp;samozrejme ako spr\u00e1vna babka, im ob\u010das vypom\u00f4\u017ee.<\/p>\n\n\n\n<p>Podelila sa s&nbsp;t\u00fdm ako prijala coming out svojho syna. Tie\u017e sa zverila ako ju sklamala katol\u00edcka cirkev s jej postojom vo\u010di man\u017eelstv\u00e1m LGBTI+ \u013eud\u00ed. Na vieru v\u0161ak nezanevrela a podporu na\u0161la v&nbsp;Starokatol\u00edckej cirkvi, ktor\u00e1 s LGBTI+ \u013eu\u010fmi nem\u00e1 probl\u00e9m. Porozpr\u00e1vala aj o&nbsp;tom, ako sa c\u00edti na s\u00fa\u010dasnom Slovenku, ak\u00fd m\u00e1 postoj k&nbsp;\u0161t\u00e1tnym predstavite\u013eom, ktor\u00ed st\u00e1le nepodporili gejsk\u00e9 a&nbsp;lesbick\u00e9 zv\u00e4zky.<\/p>\n\n\n\n<p>Aktu\u00e1lny diel Teplej vlny si m\u00f4\u017eete pozrie\u0165 ni\u017e\u0161ie na&nbsp;<a href=\"https:\/\/youtu.be\/MyIGiEeWdNU?si=-JFBPnGyBpklW5U1\">YouTube<\/a>&nbsp;alebo podcastov\u00fdch platform\u00e1ch&nbsp;SME,&nbsp;<a href=\"https:\/\/open.spotify.com\/episode\/3HyG0xCZJSfkpCkR08efaW?si=2c5a7acd743f4756\">Spotify<\/a>,&nbsp;<a href=\"https:\/\/www.podbean.com\/ew\/pb-ibygs-16d3796\">PodBean<\/a>&nbsp;alebo&nbsp;<a href=\"https:\/\/podcasts.apple.com\/us\/podcast\/tepl%C3%A1-vlna-s-andrejom-vn%C3%BA%C4%8Dat%C3%A1-majky-ivani%C4%8Dovej-maj%C3%BA\/id1507703606?i=1000669903411\">Apple Podcasts<\/a>.<\/p>\n\n\n\n<figure class=\"wp-block-embed is-type-video is-provider-youtube wp-block-embed-youtube wp-embed-aspect-16-9 wp-has-aspect-ratio\"><div class=\"wp-block-embed__wrapper\">\n<iframe loading=\"lazy\" title=\"Tepl\u00e1 vlna s Andrejom: Vn\u00fa\u010dat\u00e1 Majky Ivani\u010dovej maj\u00fa dvoch otcov\" width=\"1778\" height=\"1000\" src=\"https:\/\/www.youtube.com\/embed\/MyIGiEeWdNU?feature=oembed\" frameborder=\"0\" allow=\"accelerometer; autoplay; clipboard-write; encrypted-media; gyroscope; picture-in-picture; web-share\" referrerpolicy=\"strict-origin-when-cross-origin\" allowfullscreen><\/iframe>\n<\/div><\/figure>\n\n\n\n<p>Tepl\u00e1 vlna je podcast Divadla NOMANTINELS, v ktorom sa rozpr\u00e1vame so zauj\u00edmav\u00fdmi osobnos\u0165ami a \u013eu\u010fmi zo slovenskej queer komunity o ich \u017eivote, in\u0161pirat\u00edvnych veciach, ktor\u00fdmi sa zaoberaj\u00fa a odvahe, ktor\u00e1 im pomohla prekona\u0165 predsudky okolia.<\/p>\n\n\n\n<p>Financovan\u00e9 zo zdrojov Eur\u00f3pskej \u00fanie z programu \u201e<a href=\"https:\/\/commission.europa.eu\/funding-tenders\/find-funding\/eu-funding-programmes\/citizens-equality-rights-and-values-programme_en\">Citizens, Equality and Value Programme<\/a>.\u201c Podcast podporil aj&nbsp;<a href=\"https:\/\/www.fpu.sk\/sk\/\">Fond na podporu umenia<\/a>,&nbsp;<a href=\"https:\/\/bratislavskykraj.sk\/\">Bratislavsk\u00fd samospr\u00e1vny kraj<\/a>&nbsp;a&nbsp;<a href=\"https:\/\/nadaciamesta.bratislava.sk\/\">Nad\u00e1cia mesta Bratislavy<\/a>. Partnerom podcastu je&nbsp;<a href=\"https:\/\/www.sme.sk\/\">denn\u00edk SME<\/a>.<\/p>\n\n\n\n<p>Foto: Jakub Kov\u00e1\u010d<\/p>\n","protected":false},"excerpt":{"rendered":"<p>Majka poch\u00e1dza z&nbsp;Banskej \u0160tiavnice a je \u010dlenkou Zdru\u017eenia rodi\u010dov a&nbsp;priate\u013eov LGBTI+ \u013eud\u00ed, ktor\u00e9 funguje u\u017e \u0161tvrt\u00fd rok. Porozpr\u00e1vala n\u00e1m o novej kni\u017eke Nie\u010do ti chcem poveda\u0165, kde sa nach\u00e1dzaj\u00fa pr\u00edbehy <a href=\"https:\/\/duhovyrok.sk\/tepla-vlna\/2024\/09\/18\/tepla-vlna-s-andrejom-vnucata-majky-ivanicovej-maju-dvoch-otcov\/\" class=\"more-link\">&#8230;<\/a><\/p>\n","protected":false},"author":9,"featured_media":2181,"comment_status":"closed","ping_status":"open","sticky":false,"template":"","format":"standard","meta":{"footnotes":""},"categories":[3,2],"tags":[18,99,264,265,4,140,5,225,223],"class_list":["post-2180","post","type-post","status-publish","format-standard","has-post-thumbnail","hentry","category-novinky","category-tepla-vlna","tag-andrej-kuruc","tag-from-tepla-vlna","tag-majka-ivanicova","tag-nieco-ti-chcem-povedat","tag-podcast","tag-pribeh","tag-tepla-vlna","tag-zdruzenia-rodicov-a-priatelov-lgbti-ludi","tag-zrp"],"_links":{"self":[{"href":"https:\/\/duhovyrok.sk\/tepla-vlna\/wp-json\/wp\/v2\/posts\/2180","targetHints":{"allow":["GET"]}}],"collection":[{"href":"https:\/\/duhovyrok.sk\/tepla-vlna\/wp-json\/wp\/v2\/posts"}],"about":[{"href":"https:\/\/duhovyrok.sk\/tepla-vlna\/wp-json\/wp\/v2\/types\/post"}],"author":[{"embeddable":true,"href":"https:\/\/duhovyrok.sk\/tepla-vlna\/wp-json\/wp\/v2\/users\/9"}],"replies":[{"embeddable":true,"href":"https:\/\/duhovyrok.sk\/tepla-vlna\/wp-json\/wp\/v2\/comments?post=2180"}],"version-history":[{"count":2,"href":"https:\/\/duhovyrok.sk\/tepla-vlna\/wp-json\/wp\/v2\/posts\/2180\/revisions"}],"predecessor-version":[{"id":2186,"href":"https:\/\/duhovyrok.sk\/tepla-vlna\/wp-json\/wp\/v2\/posts\/2180\/revisions\/2186"}],"wp:featuredmedia":[{"embeddable":true,"href":"https:\/\/duhovyrok.sk\/tepla-vlna\/wp-json\/wp\/v2\/media\/2181"}],"wp:attachment":[{"href":"https:\/\/duhovyrok.sk\/tepla-vlna\/wp-json\/wp\/v2\/media?parent=2180"}],"wp:term":[{"taxonomy":"category","embeddable":true,"href":"https:\/\/duhovyrok.sk\/tepla-vlna\/wp-json\/wp\/v2\/categories?post=2180"},{"taxonomy":"post_tag","embeddable":true,"href":"https:\/\/duhovyrok.sk\/tepla-vlna\/wp-json\/wp\/v2\/tags?post=2180"}],"curies":[{"name":"wp","href":"https:\/\/api.w.org\/{rel}","templated":true}]}}