{"id":2169,"date":"2024-09-04T07:19:36","date_gmt":"2024-09-04T05:19:36","guid":{"rendered":"https:\/\/duhovyrok.sk\/tepla-vlna\/?p=2169"},"modified":"2024-09-04T09:50:33","modified_gmt":"2024-09-04T07:50:33","slug":"tepla-vlna-s-marekom-umenie-pomohlo-aliz-orlan-najst-svoju-rodovu-identitu","status":"publish","type":"post","link":"https:\/\/duhovyrok.sk\/tepla-vlna\/2024\/09\/04\/tepla-vlna-s-marekom-umenie-pomohlo-aliz-orlan-najst-svoju-rodovu-identitu\/","title":{"rendered":"Tepl\u00e1 vlna s Marekom: Umenie pomohlo Aliz Orlan n\u00e1js\u0165 svoju rodov\u00fa identitu"},"content":{"rendered":"\n<p>Umenie pom\u00e1halo Aliz Orlan v objavovan\u00ed svojej rodovej identity. Ako sa postupne z \u010diernobielych obrazov st\u00e1vali farebn\u00e9, objavovala jej pestr\u00fa \u0161k\u00e1lu mimo bin\u00e1rnych hran\u00edc. Vizu\u00e1lna umelky\u0148a poch\u00e1dza z obce pri Pre\u0161ove, kde ve\u013ea \u010dasu tr\u00e1vila v pr\u00edrode medzi bylinkami. Spolu s kres\u0165anskou v\u00fdchodou to vpl\u00fdvalo na jej s\u00fa\u010dasn\u00fa tvorbu. <\/p>\n\n\n\n<p>Pohybuje sa v r\u00f4znych umeleck\u00fdch \u017e\u00e1nroch aj profesi\u00e1ch, zaober\u00e1 sa aj produkciou a kur\u00e1torovan\u00edm. Ned\u00e1vno mala v\u00fdstavu s Dorotou Sadovskou a svojou tvorbou prispeje aj do v\u00fdstavy reflektuj\u00facej dva roky od vra\u017edy Juraja a Mat\u00fa\u0161a. V novom dieli podcastu Tepl\u00e1 vlna Aliz hovor\u00ed aj o tom, pre\u010do nechce prejs\u0165 do komer\u010dnej sf\u00e9ry umenia, pre\u010do kombinuje v\u00fdtvarn\u00e9 umenie s performanciou a in\u00fdmi m\u00e9diami.<\/p>\n\n\n\n<p>Aktu\u00e1lny diel Teplej vlny si m\u00f4\u017eete pozrie\u0165 ni\u017e\u0161ie na\u00a0<a href=\"https:\/\/youtu.be\/5FZiLxqzzHw?si=yCso9avpaofx8b-T\">YouTube<\/a>\u00a0alebo podcastov\u00fdch platform\u00e1ch\u00a0SME,\u00a0<a href=\"https:\/\/open.spotify.com\/episode\/4SE7f5ly6CPn4Bqb9tM3cR?si=0ff55656de88409e\" data-type=\"link\" data-id=\"https:\/\/open.spotify.com\/episode\/4SE7f5ly6CPn4Bqb9tM3cR?si=0ff55656de88409e\">Spotify<\/a>,\u00a0<a href=\"https:\/\/www.podbean.com\/ew\/pb-kid38-16abc63\">PodBean<\/a>\u00a0alebo\u00a0<a href=\"https:\/\/podcasts.apple.com\/us\/podcast\/tepl%C3%A1-vlna-s-marekom-umenie-pomohlo-aliz-orlan-n%C3%A1js%C5%A5\/id1507703606?i=1000668279143\" data-type=\"link\" data-id=\"https:\/\/podcasts.apple.com\/us\/podcast\/tepl%C3%A1-vlna-s-marekom-umenie-pomohlo-aliz-orlan-n%C3%A1js%C5%A5\/id1507703606?i=1000668279143\">Apple Podcasts<\/a>.<\/p>\n\n\n\n<figure class=\"wp-block-embed is-type-video is-provider-youtube wp-block-embed-youtube wp-embed-aspect-16-9 wp-has-aspect-ratio\"><div class=\"wp-block-embed__wrapper\">\n<iframe loading=\"lazy\" title=\"Tepl\u00e1 vlna s Marekom: Umenie pomohlo Aliz Orlan n\u00e1js\u0165 svoju rodov\u00fa identitu\" width=\"1778\" height=\"1000\" src=\"https:\/\/www.youtube.com\/embed\/5FZiLxqzzHw?feature=oembed\" frameborder=\"0\" allow=\"accelerometer; autoplay; clipboard-write; encrypted-media; gyroscope; picture-in-picture; web-share\" referrerpolicy=\"strict-origin-when-cross-origin\" allowfullscreen><\/iframe>\n<\/div><\/figure>\n\n\n\n<p>Tepl\u00e1 vlna je podcast Divadla NOMANTINELS, v ktorom sa rozpr\u00e1vame so zauj\u00edmav\u00fdmi osobnos\u0165ami a \u013eu\u010fmi zo slovenskej queer komunity o ich \u017eivote, in\u0161pirat\u00edvnych veciach, ktor\u00fdmi sa zaoberaj\u00fa a odvahe, ktor\u00e1 im pomohla prekona\u0165 predsudky okolia.<\/p>\n\n\n\n<p>Financovan\u00e9 zo zdrojov Eur\u00f3pskej \u00fanie z programu \u201e<a href=\"https:\/\/commission.europa.eu\/funding-tenders\/find-funding\/eu-funding-programmes\/citizens-equality-rights-and-values-programme_en\">Citizens, Equality and Value Programme<\/a>.\u201c Podcast podporil aj&nbsp;<a href=\"https:\/\/www.fpu.sk\/sk\/\">Fond na podporu umenia<\/a>,&nbsp;<a href=\"https:\/\/bratislavskykraj.sk\/\">Bratislavsk\u00fd samospr\u00e1vny kraj<\/a>&nbsp;a&nbsp;<a href=\"https:\/\/nadaciamesta.bratislava.sk\/\">Nad\u00e1cia mesta Bratislavy<\/a>. Partnerom podcastu je&nbsp;<a href=\"https:\/\/www.sme.sk\/\">denn\u00edk SME<\/a>.<\/p>\n\n\n\n<p>Foto: Jakub Kov\u00e1\u010d<\/p>\n","protected":false},"excerpt":{"rendered":"<p>Umenie pom\u00e1halo Aliz Orlan v objavovan\u00ed svojej rodovej identity. Ako sa postupne z \u010diernobielych obrazov st\u00e1vali farebn\u00e9, objavovala jej pestr\u00fa \u0161k\u00e1lu mimo bin\u00e1rnych hran\u00edc. Vizu\u00e1lna umelky\u0148a poch\u00e1dza z obce pri <a href=\"https:\/\/duhovyrok.sk\/tepla-vlna\/2024\/09\/04\/tepla-vlna-s-marekom-umenie-pomohlo-aliz-orlan-najst-svoju-rodovu-identitu\/\" class=\"more-link\">&#8230;<\/a><\/p>\n","protected":false},"author":9,"featured_media":2170,"comment_status":"closed","ping_status":"open","sticky":false,"template":"","format":"standard","meta":{"footnotes":""},"categories":[3,2],"tags":[260,99,61,23,143,5,70,71,62,144],"class_list":["post-2169","post","type-post","status-publish","format-standard","has-post-thumbnail","hentry","category-novinky","category-tepla-vlna","tag-aliz-orlan","tag-from-tepla-vlna","tag-marek-hudec","tag-queer","tag-queer-umenie","tag-tepla-vlna","tag-transrodovost","tag-umelkyna","tag-umenie","tag-vizualne-umenie"],"_links":{"self":[{"href":"https:\/\/duhovyrok.sk\/tepla-vlna\/wp-json\/wp\/v2\/posts\/2169","targetHints":{"allow":["GET"]}}],"collection":[{"href":"https:\/\/duhovyrok.sk\/tepla-vlna\/wp-json\/wp\/v2\/posts"}],"about":[{"href":"https:\/\/duhovyrok.sk\/tepla-vlna\/wp-json\/wp\/v2\/types\/post"}],"author":[{"embeddable":true,"href":"https:\/\/duhovyrok.sk\/tepla-vlna\/wp-json\/wp\/v2\/users\/9"}],"replies":[{"embeddable":true,"href":"https:\/\/duhovyrok.sk\/tepla-vlna\/wp-json\/wp\/v2\/comments?post=2169"}],"version-history":[{"count":2,"href":"https:\/\/duhovyrok.sk\/tepla-vlna\/wp-json\/wp\/v2\/posts\/2169\/revisions"}],"predecessor-version":[{"id":2173,"href":"https:\/\/duhovyrok.sk\/tepla-vlna\/wp-json\/wp\/v2\/posts\/2169\/revisions\/2173"}],"wp:featuredmedia":[{"embeddable":true,"href":"https:\/\/duhovyrok.sk\/tepla-vlna\/wp-json\/wp\/v2\/media\/2170"}],"wp:attachment":[{"href":"https:\/\/duhovyrok.sk\/tepla-vlna\/wp-json\/wp\/v2\/media?parent=2169"}],"wp:term":[{"taxonomy":"category","embeddable":true,"href":"https:\/\/duhovyrok.sk\/tepla-vlna\/wp-json\/wp\/v2\/categories?post=2169"},{"taxonomy":"post_tag","embeddable":true,"href":"https:\/\/duhovyrok.sk\/tepla-vlna\/wp-json\/wp\/v2\/tags?post=2169"}],"curies":[{"name":"wp","href":"https:\/\/api.w.org\/{rel}","templated":true}]}}