{"id":2164,"date":"2024-08-28T12:32:25","date_gmt":"2024-08-28T10:32:25","guid":{"rendered":"https:\/\/duhovyrok.sk\/tepla-vlna\/?p=2164"},"modified":"2024-08-28T13:06:40","modified_gmt":"2024-08-28T11:06:40","slug":"tepla-vlna-s-andrejom-mala-som-vsetko-v-zivote-iba-seba-nie-spomina-beata","status":"publish","type":"post","link":"https:\/\/duhovyrok.sk\/tepla-vlna\/2024\/08\/28\/tepla-vlna-s-andrejom-mala-som-vsetko-v-zivote-iba-seba-nie-spomina-beata\/","title":{"rendered":"Tepl\u00e1 vlna s Andrejom: Mala som v\u0161etko v \u017eivote, iba seba nie, spom\u00edna Be\u00e1ta"},"content":{"rendered":"\n<p>Be\u00e1ta si uvedomila svoju rodov\u00fa identitu okolo veku desiatich rokov, chcela by\u0165 diev\u010da\u0165om a vytvorila si na povale diev\u010densk\u00fd k\u00fatik. Ke\u010f ho rodi\u010dia objavili, zabrzdilo ju to v prijat\u00ed seba na roky. Mala o sebe pochybnosti, pri\u0165ahovali ju \u017eeny, nemala kde b\u00fdva\u0165, tak sa nas\u0165ahovala k \u017eene, ktor\u00e1 sa stala jej man\u017eelkou. Dlho sa v\u0161ak c\u00edtila, akoby bola uzavret\u00e1 v skafandri, nevidite\u013en\u00e1. Mala v\u0161etko rodinu, deti, komunitu, iba seba nie. Pre\u0161la si dvoma man\u017eelstva a kone\u010dne po roku 2020 pre\u0161la aj medic\u00ednskou tranz\u00edciou. <\/p>\n\n\n\n<p>Bolo to aj preto, \u017ee jej ch\u00fdbali inform\u00e1cie, spom\u00edna Be\u00e1ta. Dlho z\u00e1pasila aj s depresiou. Mala \u0165a\u017ekosti s h\u013eadan\u00edm lek\u00e1rov, ktor\u00ed by jej pomohli, mnoh\u00ed ju odmietli. Teraz si svoj \u017eivot nevie vynachv\u00e1li\u0165, je nov\u00fd \u010dlovek, v\u00f4bec sa nezaober\u00e1 sebou. Porozpr\u00e1vala tie\u017e ako prebiehala jej tranz\u00edcia. <\/p>\n\n\n\n<p>Aktu\u00e1lny diel Teplej vlny si m\u00f4\u017eete pozrie\u0165 ni\u017e\u0161ie na\u00a0<a href=\"https:\/\/youtu.be\/FOHXz4zrZAo?si=3xAn7yA0cQzFQa3E\">YouTube<\/a>\u00a0alebo podcastov\u00fdch platform\u00e1ch\u00a0SME,\u00a0<a href=\"https:\/\/open.spotify.com\/episode\/41kuhyYrtQaIX2okLEh3dF?si=1dcc885f43bb4674\">Spotify<\/a>,\u00a0<a href=\"https:\/\/www.podbean.com\/ew\/pb-43nfh-16abc5c\">PodBean<\/a>\u00a0alebo\u00a0<a href=\"https:\/\/podcasts.apple.com\/sk\/podcast\/tepl%C3%A1-vlna-s-andrejom-mala-som-v%C5%A1etko-v-%C5%BEivote-iba\/id1507703606?i=1000666868859\">Apple Podcasts<\/a>.<\/p>\n\n\n\n<figure class=\"wp-block-embed is-type-video is-provider-youtube wp-block-embed-youtube wp-embed-aspect-16-9 wp-has-aspect-ratio\"><div class=\"wp-block-embed__wrapper\">\n<iframe loading=\"lazy\" title=\"Tepl\u00e1 vlna s Andrejom: Mala som v\u0161etko v \u017eivote, iba seba nie, spom\u00edna Be\u00e1ta\" width=\"1778\" height=\"1000\" src=\"https:\/\/www.youtube.com\/embed\/FOHXz4zrZAo?feature=oembed\" frameborder=\"0\" allow=\"accelerometer; autoplay; clipboard-write; encrypted-media; gyroscope; picture-in-picture; web-share\" referrerpolicy=\"strict-origin-when-cross-origin\" allowfullscreen><\/iframe>\n<\/div><\/figure>\n\n\n\n<p>Tepl\u00e1 vlna je podcast Divadla NOMANTINELS, v ktorom sa rozpr\u00e1vame so zauj\u00edmav\u00fdmi osobnos\u0165ami a \u013eu\u010fmi zo slovenskej queer komunity o ich \u017eivote, in\u0161pirat\u00edvnych veciach, ktor\u00fdmi sa zaoberaj\u00fa a odvahe, ktor\u00e1 im pomohla prekona\u0165 predsudky okolia.<\/p>\n\n\n\n<p>Financovan\u00e9 zo zdrojov Eur\u00f3pskej \u00fanie z programu \u201e<a href=\"https:\/\/commission.europa.eu\/funding-tenders\/find-funding\/eu-funding-programmes\/citizens-equality-rights-and-values-programme_en\">Citizens, Equality and Value Programme<\/a>.\u201c Podcast podporil aj&nbsp;<a href=\"https:\/\/www.fpu.sk\/sk\/\">Fond na podporu umenia<\/a>,&nbsp;<a href=\"https:\/\/bratislavskykraj.sk\/\">Bratislavsk\u00fd samospr\u00e1vny kraj<\/a>&nbsp;a&nbsp;<a href=\"https:\/\/nadaciamesta.bratislava.sk\/\">Nad\u00e1cia mesta Bratislavy<\/a>. Partnerom podcastu je&nbsp;<a href=\"https:\/\/www.sme.sk\/\">denn\u00edk SME<\/a>.<\/p>\n\n\n\n<p>Foto: Jakub Kov\u00e1\u010d<\/p>\n","protected":false},"excerpt":{"rendered":"<p>Be\u00e1ta si uvedomila svoju rodov\u00fa identitu okolo veku desiatich rokov, chcela by\u0165 diev\u010da\u0165om a vytvorila si na povale diev\u010densk\u00fd k\u00fatik. Ke\u010f ho rodi\u010dia objavili, zabrzdilo ju to v prijat\u00ed seba <a href=\"https:\/\/duhovyrok.sk\/tepla-vlna\/2024\/08\/28\/tepla-vlna-s-andrejom-mala-som-vsetko-v-zivote-iba-seba-nie-spomina-beata\/\" class=\"more-link\">&#8230;<\/a><\/p>\n","protected":false},"author":9,"featured_media":2167,"comment_status":"closed","ping_status":"open","sticky":false,"template":"","format":"standard","meta":{"footnotes":""},"categories":[3,2],"tags":[18,259,99,140,5,226,227],"class_list":["post-2164","post","type-post","status-publish","format-standard","has-post-thumbnail","hentry","category-novinky","category-tepla-vlna","tag-andrej-kuruc","tag-beata","tag-from-tepla-vlna","tag-pribeh","tag-tepla-vlna","tag-transrodovost-2","tag-tranzicia"],"_links":{"self":[{"href":"https:\/\/duhovyrok.sk\/tepla-vlna\/wp-json\/wp\/v2\/posts\/2164","targetHints":{"allow":["GET"]}}],"collection":[{"href":"https:\/\/duhovyrok.sk\/tepla-vlna\/wp-json\/wp\/v2\/posts"}],"about":[{"href":"https:\/\/duhovyrok.sk\/tepla-vlna\/wp-json\/wp\/v2\/types\/post"}],"author":[{"embeddable":true,"href":"https:\/\/duhovyrok.sk\/tepla-vlna\/wp-json\/wp\/v2\/users\/9"}],"replies":[{"embeddable":true,"href":"https:\/\/duhovyrok.sk\/tepla-vlna\/wp-json\/wp\/v2\/comments?post=2164"}],"version-history":[{"count":1,"href":"https:\/\/duhovyrok.sk\/tepla-vlna\/wp-json\/wp\/v2\/posts\/2164\/revisions"}],"predecessor-version":[{"id":2165,"href":"https:\/\/duhovyrok.sk\/tepla-vlna\/wp-json\/wp\/v2\/posts\/2164\/revisions\/2165"}],"wp:featuredmedia":[{"embeddable":true,"href":"https:\/\/duhovyrok.sk\/tepla-vlna\/wp-json\/wp\/v2\/media\/2167"}],"wp:attachment":[{"href":"https:\/\/duhovyrok.sk\/tepla-vlna\/wp-json\/wp\/v2\/media?parent=2164"}],"wp:term":[{"taxonomy":"category","embeddable":true,"href":"https:\/\/duhovyrok.sk\/tepla-vlna\/wp-json\/wp\/v2\/categories?post=2164"},{"taxonomy":"post_tag","embeddable":true,"href":"https:\/\/duhovyrok.sk\/tepla-vlna\/wp-json\/wp\/v2\/tags?post=2164"}],"curies":[{"name":"wp","href":"https:\/\/api.w.org\/{rel}","templated":true}]}}