{"id":2160,"date":"2024-08-21T13:01:52","date_gmt":"2024-08-21T11:01:52","guid":{"rendered":"https:\/\/duhovyrok.sk\/tepla-vlna\/?p=2160"},"modified":"2024-08-21T13:02:55","modified_gmt":"2024-08-21T11:02:55","slug":"tepla-vlna-pred-rokom-sa-policajt-david-puchovsky-vyuatoval-na-pride-ako-mu-to-zmenilo-zivot","status":"publish","type":"post","link":"https:\/\/duhovyrok.sk\/tepla-vlna\/2024\/08\/21\/tepla-vlna-pred-rokom-sa-policajt-david-puchovsky-vyuatoval-na-pride-ako-mu-to-zmenilo-zivot\/","title":{"rendered":"Tepl\u00e1 vlna s Marekom: Pred rokom sa policajt David P\u00fachovsk\u00fd vyuatoval na Pride. Ako mu to zmenilo \u017eivot?"},"content":{"rendered":"\n<p>Vyst\u00fapenie Davida P\u00fachovsk\u00e9ho patrilo na minuloro\u010dnom Pride k najsilnej\u0161\u00edm. Vyautoval sa ako v\u00f4bec prv\u00fd \u010dlen policajn\u00e9ho zboru v na\u0161ej krajine. Pre\u0161iel rok, zmenila sa politick\u00e1 situ\u00e1cia a on musel tie\u017e zmeni\u0165 pr\u00e1cu.\u00a0 <\/p>\n\n\n\n<p>Podie\u013eal sa na spravovan\u00ed facebookov\u00fdch str\u00e1nok Pol\u00edcia Slovenskej republiky a Hoaxy a podvody. Ako sa mu pracovalo so soci\u00e1lnou sie\u0165ou, ktor\u00e1 sa postupne radikalizovala a ak\u00e9 bolo reagova\u0165 na nen\u00e1vistn\u00e9 prejavy? David hovor\u00ed aj o \u0161t\u00fadiu \u017eurnalistiky a pr\u00e1ci v bulv\u00e1rnom denn\u00edku, o ktorej aj vydal knihu. Teraz chyst\u00e1 nov\u00fa.\u00a0<\/p>\n\n\n\n<p>Nov\u00fd diel Teplej vlny si m\u00f4\u017eete pozrie\u0165 ni\u017e\u0161ie na\u00a0<a href=\"https:\/\/youtu.be\/Ot0RcRNc3c0?si=uq2OyK0c3iOXeg5F\">YouTube<\/a>\u00a0alebo podcastov\u00fdch platform\u00e1ch\u00a0SME,\u00a0<a href=\"https:\/\/open.spotify.com\/episode\/1gmXCbmk7UFuS5nOBlYvmt?si=e76114e887974a12\" data-type=\"link\" data-id=\"https:\/\/open.spotify.com\/episode\/1gmXCbmk7UFuS5nOBlYvmt?si=e76114e887974a12\">Spotify<\/a>,\u00a0<a href=\"https:\/\/www.podbean.com\/ew\/pb-8zvdm-169ec46\">PodBean<\/a>\u00a0alebo\u00a0<a href=\"https:\/\/podcasts.apple.com\/sk\/podcast\/tepl%C3%A1-vlna-s-marekom-pred-rokom-sa-policajt-david-p%C3%BAchovsk%C3%BD\/id1507703606?i=1000666091967\">Apple Podcasts<\/a>.<\/p>\n\n\n\n<figure class=\"wp-block-embed is-type-video is-provider-youtube wp-block-embed-youtube wp-embed-aspect-16-9 wp-has-aspect-ratio\"><div class=\"wp-block-embed__wrapper\">\n<iframe loading=\"lazy\" title=\"Tepl\u00e1 vlna: Pred rokom sa policajt David P\u00fachovsk\u00fd vyuatoval na Pride. Ako mu to zmenilo \u017eivot?\" width=\"1778\" height=\"1000\" src=\"https:\/\/www.youtube.com\/embed\/Ot0RcRNc3c0?feature=oembed\" frameborder=\"0\" allow=\"accelerometer; autoplay; clipboard-write; encrypted-media; gyroscope; picture-in-picture; web-share\" referrerpolicy=\"strict-origin-when-cross-origin\" allowfullscreen><\/iframe>\n<\/div><\/figure>\n\n\n\n<p>Tepl\u00e1 vlna je podcast Divadla NOMANTINELS, v ktorom sa rozpr\u00e1vame so zauj\u00edmav\u00fdmi osobnos\u0165ami a \u013eu\u010fmi zo slovenskej queer komunity o ich \u017eivote, in\u0161pirat\u00edvnych veciach, ktor\u00fdmi sa zaoberaj\u00fa a odvahe, ktor\u00e1 im pomohla prekona\u0165 predsudky okolia.<\/p>\n\n\n\n<p>Financovan\u00e9 zo zdrojov Eur\u00f3pskej \u00fanie z programu \u201e<a href=\"https:\/\/commission.europa.eu\/funding-tenders\/find-funding\/eu-funding-programmes\/citizens-equality-rights-and-values-programme_en\">Citizens, Equality and Value Programme<\/a>.\u201c Podcast podporil aj&nbsp;<a href=\"https:\/\/www.fpu.sk\/sk\/\">Fond na podporu umenia<\/a>,&nbsp;<a href=\"https:\/\/bratislavskykraj.sk\/\">Bratislavsk\u00fd samospr\u00e1vny kraj<\/a>&nbsp;a&nbsp;<a href=\"https:\/\/nadaciamesta.bratislava.sk\/\">Nad\u00e1cia mesta Bratislavy<\/a>. Partnerom podcastu je&nbsp;<a href=\"https:\/\/www.sme.sk\/\">denn\u00edk SME<\/a>.<\/p>\n\n\n\n<p>Foto: Jakub Kov\u00e1\u010d<\/p>\n","protected":false},"excerpt":{"rendered":"<p>Vyst\u00fapenie Davida P\u00fachovsk\u00e9ho patrilo na minuloro\u010dnom Pride k najsilnej\u0161\u00edm. Vyautoval sa ako v\u00f4bec prv\u00fd \u010dlen policajn\u00e9ho zboru v na\u0161ej krajine. Pre\u0161iel rok, zmenila sa politick\u00e1 situ\u00e1cia a on musel tie\u017e <a href=\"https:\/\/duhovyrok.sk\/tepla-vlna\/2024\/08\/21\/tepla-vlna-pred-rokom-sa-policajt-david-puchovsky-vyuatoval-na-pride-ako-mu-to-zmenilo-zivot\/\" class=\"more-link\">&#8230;<\/a><\/p>\n","protected":false},"author":9,"featured_media":2161,"comment_status":"closed","ping_status":"open","sticky":false,"template":"","format":"standard","meta":{"footnotes":""},"categories":[3,2],"tags":[258,99,61,4,5],"class_list":["post-2160","post","type-post","status-publish","format-standard","has-post-thumbnail","hentry","category-novinky","category-tepla-vlna","tag-david-puchovsky","tag-from-tepla-vlna","tag-marek-hudec","tag-podcast","tag-tepla-vlna"],"_links":{"self":[{"href":"https:\/\/duhovyrok.sk\/tepla-vlna\/wp-json\/wp\/v2\/posts\/2160","targetHints":{"allow":["GET"]}}],"collection":[{"href":"https:\/\/duhovyrok.sk\/tepla-vlna\/wp-json\/wp\/v2\/posts"}],"about":[{"href":"https:\/\/duhovyrok.sk\/tepla-vlna\/wp-json\/wp\/v2\/types\/post"}],"author":[{"embeddable":true,"href":"https:\/\/duhovyrok.sk\/tepla-vlna\/wp-json\/wp\/v2\/users\/9"}],"replies":[{"embeddable":true,"href":"https:\/\/duhovyrok.sk\/tepla-vlna\/wp-json\/wp\/v2\/comments?post=2160"}],"version-history":[{"count":2,"href":"https:\/\/duhovyrok.sk\/tepla-vlna\/wp-json\/wp\/v2\/posts\/2160\/revisions"}],"predecessor-version":[{"id":2163,"href":"https:\/\/duhovyrok.sk\/tepla-vlna\/wp-json\/wp\/v2\/posts\/2160\/revisions\/2163"}],"wp:featuredmedia":[{"embeddable":true,"href":"https:\/\/duhovyrok.sk\/tepla-vlna\/wp-json\/wp\/v2\/media\/2161"}],"wp:attachment":[{"href":"https:\/\/duhovyrok.sk\/tepla-vlna\/wp-json\/wp\/v2\/media?parent=2160"}],"wp:term":[{"taxonomy":"category","embeddable":true,"href":"https:\/\/duhovyrok.sk\/tepla-vlna\/wp-json\/wp\/v2\/categories?post=2160"},{"taxonomy":"post_tag","embeddable":true,"href":"https:\/\/duhovyrok.sk\/tepla-vlna\/wp-json\/wp\/v2\/tags?post=2160"}],"curies":[{"name":"wp","href":"https:\/\/api.w.org\/{rel}","templated":true}]}}