{"id":2147,"date":"2024-08-07T09:00:00","date_gmt":"2024-08-07T07:00:00","guid":{"rendered":"https:\/\/duhovyrok.sk\/tepla-vlna\/?p=2147"},"modified":"2024-08-09T18:51:38","modified_gmt":"2024-08-09T16:51:38","slug":"tepla-vlna-s-liberty-monika-prikkelova-hovori-ako-vogue-vytvara-bezpecie","status":"publish","type":"post","link":"https:\/\/duhovyrok.sk\/tepla-vlna\/2024\/08\/07\/tepla-vlna-s-liberty-monika-prikkelova-hovori-ako-vogue-vytvara-bezpecie\/","title":{"rendered":"Tepl\u00e1 vlna s Liberty: Monika Prikkelov\u00e1 hovor\u00ed, ako vogue vytv\u00e1ra bezpe\u010die"},"content":{"rendered":"\n<p>Je matkou prv\u00e9ho \u010deskoslovensk\u00e9ho vogue zoskupenia House of Velvet. Monika Prikkelov\u00e1 je zosobnen\u00edm slova \u201cally\u201d, teda je spojenky\u0148ou LGBTI+ \u013eud\u00ed. Bez nej by sme na Slovensku nemali takzvan\u00fd ballroom, teda subkult\u00faru v ktorej sa m\u00f4\u017ee kv\u00edr komunita citi\u0165 bezpe\u010dne a doma. V na\u0161om rozhovore sa dozviete, \u010do jej vogue dal, ako jej zmenil \u017eivot a ako ne\u013eahk\u00e9 je tvori\u0165 priestor pre \u013eud\u00ed, ktor\u00ed ho nemaj\u00fa v spolo\u010dnosti vytvoren\u00fd prirodzene. &nbsp;&nbsp;<\/p>\n\n\n\n<p>O \u017een\u00e1ch ako je Monika sa hovor\u00ed ako o mam\u00e1ch. Vychov\u00e1vaj\u00fa nov\u00e9 tane\u010dn\u00edctva, bojuj\u00fa, \u017eivia l\u00e1skou a ve\u013ea r\u00e1n od v\u00e4\u010d\u0161inovej spolo\u010dnosti za ich pr\u00e1cu schov\u00e1vaj\u00fa poza svoje kr\u00eddla, kde mnoh\u00ed a mnoh\u00e9 nach\u00e1dza \u00fatechu. Ned\u00e1vno sa po \u00fatokoch rozhodla popul\u00e1rne podujatie Ball of Shame na\u010das&nbsp;pozastavi\u0165.<\/p>\n\n\n\n<p>Aktu\u00e1lny diel Teplej vlny si m\u00f4\u017eete pozrie\u0165 ni\u017e\u0161ie na&nbsp;<a href=\"https:\/\/youtu.be\/I_2q7M0oUrE?si=oup6E7kpKcFb6x_K\" data-type=\"link\" data-id=\"https:\/\/youtu.be\/I_2q7M0oUrE?si=oup6E7kpKcFb6x_K\">YouTube<\/a>&nbsp;alebo podcastov\u00fdch platform\u00e1ch&nbsp;SME,&nbsp;<a href=\"https:\/\/open.spotify.com\/episode\/2NWmmy2aUY5ncImePJdHwN?si=ef7143472334445c\">Spotify<\/a>,&nbsp;<a href=\"https:\/\/www.podbean.com\/ew\/pb-zediq-168e85e\">PodBean<\/a>&nbsp;alebo&nbsp;<a href=\"https:\/\/podcasts.apple.com\/us\/podcast\/tepl%C3%A1-vlna-s-liberty-moniku-prikkelov%C3%BA-pozn%C3%A1me-ako\/id1507703606?i=1000664568587\">Apple Podcasts<\/a>.<\/p>\n\n\n\n<figure class=\"wp-block-embed is-type-video is-provider-youtube wp-block-embed-youtube wp-embed-aspect-16-9 wp-has-aspect-ratio\"><div class=\"wp-block-embed__wrapper\">\n<iframe loading=\"lazy\" title=\"Tepl\u00e1 vlna s Liberty: Monika Prikkelov\u00e1 hovor\u00ed, ako vogue vytv\u00e1ra bezpe\u010die\" width=\"1778\" height=\"1000\" src=\"https:\/\/www.youtube.com\/embed\/I_2q7M0oUrE?feature=oembed\" frameborder=\"0\" allow=\"accelerometer; autoplay; clipboard-write; encrypted-media; gyroscope; picture-in-picture; web-share\" referrerpolicy=\"strict-origin-when-cross-origin\" allowfullscreen><\/iframe>\n<\/div><\/figure>\n\n\n\n<p>Tepl\u00e1 vlna je podcast Divadla NOMANTINELS, v ktorom sa rozpr\u00e1vame so zauj\u00edmav\u00fdmi osobnos\u0165ami a \u013eu\u010fmi zo slovenskej queer komunity o ich \u017eivote, in\u0161pirat\u00edvnych veciach, ktor\u00fdmi sa zaoberaj\u00fa a odvahe, ktor\u00e1 im pomohla prekona\u0165 predsudky okolia.<\/p>\n\n\n\n<p>Financovan\u00e9 zo zdrojov Eur\u00f3pskej \u00fanie z programu &#8222;<a href=\"https:\/\/commission.europa.eu\/funding-tenders\/find-funding\/eu-funding-programmes\/citizens-equality-rights-and-values-programme_en\" data-type=\"link\" data-id=\"https:\/\/commission.europa.eu\/funding-tenders\/find-funding\/eu-funding-programmes\/citizens-equality-rights-and-values-programme_en\">Citizens, Equality and Value Programme<\/a>.&#8220; Podcast podporil aj <a href=\"https:\/\/www.fpu.sk\/sk\/\">Fond na podporu umenia<\/a>, <a href=\"https:\/\/bratislavskykraj.sk\/\">Bratislavsk\u00fd samospr\u00e1vny kraj<\/a> a <a href=\"https:\/\/nadaciamesta.bratislava.sk\/\">Nad\u00e1cia mesta Bratislavy<\/a>. Partnerom podcastu je <a href=\"https:\/\/www.sme.sk\/\" data-type=\"link\" data-id=\"https:\/\/www.sme.sk\/\">denn\u00edk SME<\/a>.<\/p>\n\n\n\n<p>Foto: Jakub Kov\u00e1\u010d<\/p>\n","protected":false},"excerpt":{"rendered":"<p>Je matkou prv\u00e9ho \u010deskoslovensk\u00e9ho vogue zoskupenia House of Velvet. Monika Prikkelov\u00e1 je zosobnen\u00edm slova \u201cally\u201d, teda je spojenky\u0148ou LGBTI+ \u013eud\u00ed. Bez nej by sme na Slovensku nemali takzvan\u00fd ballroom, teda <a href=\"https:\/\/duhovyrok.sk\/tepla-vlna\/2024\/08\/07\/tepla-vlna-s-liberty-monika-prikkelova-hovori-ako-vogue-vytvara-bezpecie\/\" class=\"more-link\">&#8230;<\/a><\/p>\n","protected":false},"author":9,"featured_media":2154,"comment_status":"closed","ping_status":"open","sticky":false,"template":"","format":"standard","meta":{"footnotes":""},"categories":[1,2],"tags":[254,99,253,174,252,4,5,251],"class_list":["post-2147","post","type-post","status-publish","format-standard","has-post-thumbnail","hentry","category-nezaradene","category-tepla-vlna","tag-bezpecny-priestor","tag-from-tepla-vlna","tag-house-of-velvet","tag-liberty-blake-simon","tag-monika-prikkelova","tag-podcast","tag-tepla-vlna","tag-tepla-vlna-s-liberty"],"_links":{"self":[{"href":"https:\/\/duhovyrok.sk\/tepla-vlna\/wp-json\/wp\/v2\/posts\/2147","targetHints":{"allow":["GET"]}}],"collection":[{"href":"https:\/\/duhovyrok.sk\/tepla-vlna\/wp-json\/wp\/v2\/posts"}],"about":[{"href":"https:\/\/duhovyrok.sk\/tepla-vlna\/wp-json\/wp\/v2\/types\/post"}],"author":[{"embeddable":true,"href":"https:\/\/duhovyrok.sk\/tepla-vlna\/wp-json\/wp\/v2\/users\/9"}],"replies":[{"embeddable":true,"href":"https:\/\/duhovyrok.sk\/tepla-vlna\/wp-json\/wp\/v2\/comments?post=2147"}],"version-history":[{"count":3,"href":"https:\/\/duhovyrok.sk\/tepla-vlna\/wp-json\/wp\/v2\/posts\/2147\/revisions"}],"predecessor-version":[{"id":2152,"href":"https:\/\/duhovyrok.sk\/tepla-vlna\/wp-json\/wp\/v2\/posts\/2147\/revisions\/2152"}],"wp:featuredmedia":[{"embeddable":true,"href":"https:\/\/duhovyrok.sk\/tepla-vlna\/wp-json\/wp\/v2\/media\/2154"}],"wp:attachment":[{"href":"https:\/\/duhovyrok.sk\/tepla-vlna\/wp-json\/wp\/v2\/media?parent=2147"}],"wp:term":[{"taxonomy":"category","embeddable":true,"href":"https:\/\/duhovyrok.sk\/tepla-vlna\/wp-json\/wp\/v2\/categories?post=2147"},{"taxonomy":"post_tag","embeddable":true,"href":"https:\/\/duhovyrok.sk\/tepla-vlna\/wp-json\/wp\/v2\/tags?post=2147"}],"curies":[{"name":"wp","href":"https:\/\/api.w.org\/{rel}","templated":true}]}}