{"id":2143,"date":"2024-08-14T08:49:01","date_gmt":"2024-08-14T06:49:01","guid":{"rendered":"https:\/\/duhovyrok.sk\/tepla-vlna\/?p=2143"},"modified":"2024-08-14T09:06:26","modified_gmt":"2024-08-14T07:06:26","slug":"tepla-vlna-s-andrejom-moderator-marian-zary-kukelka-opisuje-svoj-svadobny-den-s-manzelom","status":"publish","type":"post","link":"https:\/\/duhovyrok.sk\/tepla-vlna\/2024\/08\/14\/tepla-vlna-s-andrejom-moderator-marian-zary-kukelka-opisuje-svoj-svadobny-den-s-manzelom\/","title":{"rendered":"Tepl\u00e1 vlna s Andrejom: Moder\u00e1tor Mari\u00e1n \u017d\u00e1ry Kukelka opisuje svoj svadobn\u00fd de\u0148 s\u00a0man\u017eelom\u00a0"},"content":{"rendered":"\n<p>So svoj\u00edm man\u017eelom sa zobrali v&nbsp;Hainburgu po desiatich rokoch zn\u00e1mosti. Moder\u00e1tor Mari\u00e1n \u017d\u00e1ry Kukelka spom\u00edna na to, ak\u00e9 bolo vyrasta\u0165 ako gej na Slovensku, ako na jeho coming out reagovali bl\u00edzki. Tie\u017e rozpr\u00e1va o&nbsp;tom, ako sa spoznali s&nbsp;man\u017eelom, \u017ee mali z\u00e1snuby na Dev\u00edne a&nbsp;ak\u00fd bol ich svadobn\u00fd de\u0148 aj s&nbsp;rodinou v&nbsp;Hainburgu. V&nbsp;rozhovore sa dozviete aj ako k&nbsp;nemu pristupovali na matrike na Slovensku, ke\u010f si chcel zmeni\u0165 meno, ale aj ako m\u00e9dia rozpr\u00e1vaj\u00fa o&nbsp;gejsk\u00fdch p\u00e1roch.&nbsp;<\/p>\n\n\n\n<p>Tie\u017e pribl\u00ed\u017eil, pre\u010do pre neho bolo d\u00f4le\u017eit\u00e9 uzavrie\u0165 man\u017eelstvo, napriek tomu, \u017ee na Slovensku neplat\u00ed a&nbsp;odpor\u00fa\u010da to aj in\u00fdm p\u00e1rom. Ide pre neho o&nbsp;d\u00f4le\u017eit\u00fd symbol a&nbsp;z\u00e1v\u00e4zok, ktor\u00ed by mali mo\u017enos\u0165 ma\u0165 v&nbsp;p\u00e1re \u013eudia bez rozdielu sexu\u00e1lnej orient\u00e1cie aj na Slovensku. Predpoved\u00e1 tie\u017e, kedy sa to na Slovensku podar\u00ed.&nbsp;<\/p>\n\n\n\n<p>Aktu\u00e1lny diel Teplej vlny si m\u00f4\u017eete pozrie\u0165 ni\u017e\u0161ie na\u00a0<a href=\"https:\/\/www.youtube.com\/watch?v=kEwzVh8wnTw\" data-type=\"link\" data-id=\"https:\/\/www.youtube.com\/watch?v=kEwzVh8wnTw\">YouTube<\/a>\u00a0alebo podcastov\u00fdch platform\u00e1ch\u00a0SME,\u00a0<a href=\"https:\/\/open.spotify.com\/episode\/7j6ndD4ZCFIcFYJjcARqHe?si=2bfcdd0daa4d47cb\">Spotify<\/a>,\u00a0<a href=\"https:\/\/www.podbean.com\/ew\/pb-yt4ne-168ee82\" data-type=\"link\" data-id=\"https:\/\/www.podbean.com\/ew\/pb-yt4ne-168ee82\">PodBean<\/a>\u00a0alebo\u00a0Apple Podcasts.<\/p>\n\n\n\n<figure class=\"wp-block-embed is-type-video is-provider-youtube wp-block-embed-youtube wp-embed-aspect-16-9 wp-has-aspect-ratio\"><div class=\"wp-block-embed__wrapper\">\n<iframe loading=\"lazy\" title=\"Tepl\u00e1 vlna s Andrejom: Moder\u00e1tor Mari\u00e1n \u017d\u00e1ry Kukelka opisuje svoj svadobn\u00fd de\u0148 s man\u017eelom\" width=\"1778\" height=\"1000\" src=\"https:\/\/www.youtube.com\/embed\/kEwzVh8wnTw?feature=oembed\" frameborder=\"0\" allow=\"accelerometer; autoplay; clipboard-write; encrypted-media; gyroscope; picture-in-picture; web-share\" referrerpolicy=\"strict-origin-when-cross-origin\" allowfullscreen><\/iframe>\n<\/div><\/figure>\n\n\n\n<p>Tepl\u00e1 vlna je podcast Divadla NOMANTINELS, v ktorom sa rozpr\u00e1vame so zauj\u00edmav\u00fdmi osobnos\u0165ami a \u013eu\u010fmi zo slovenskej queer komunity o ich \u017eivote, in\u0161pirat\u00edvnych veciach, ktor\u00fdmi sa zaoberaj\u00fa a odvahe, ktor\u00e1 im pomohla prekona\u0165 predsudky okolia.<\/p>\n\n\n\n<p>Financovan\u00e9 zo zdrojov Eur\u00f3pskej \u00fanie z programu \u201e<a href=\"https:\/\/commission.europa.eu\/funding-tenders\/find-funding\/eu-funding-programmes\/citizens-equality-rights-and-values-programme_en\">Citizens, Equality and Value Programme<\/a>.\u201c Podcast podporil aj&nbsp;<a href=\"https:\/\/www.fpu.sk\/sk\/\">Fond na podporu umenia<\/a>,&nbsp;<a href=\"https:\/\/bratislavskykraj.sk\/\">Bratislavsk\u00fd samospr\u00e1vny kraj<\/a>&nbsp;a&nbsp;<a href=\"https:\/\/nadaciamesta.bratislava.sk\/\">Nad\u00e1cia mesta Bratislavy<\/a>. Partnerom podcastu je&nbsp;<a href=\"https:\/\/www.sme.sk\/\">denn\u00edk SME<\/a>.<\/p>\n\n\n\n<p>Foto: Jakub Kov\u00e1\u010d<\/p>\n","protected":false},"excerpt":{"rendered":"<p>So svoj\u00edm man\u017eelom sa zobrali v&nbsp;Hainburgu po desiatich rokoch zn\u00e1mosti. Moder\u00e1tor Mari\u00e1n \u017d\u00e1ry Kukelka spom\u00edna na to, ak\u00e9 bolo vyrasta\u0165 ako gej na Slovensku, ako na jeho coming out reagovali <a href=\"https:\/\/duhovyrok.sk\/tepla-vlna\/2024\/08\/14\/tepla-vlna-s-andrejom-moderator-marian-zary-kukelka-opisuje-svoj-svadobny-den-s-manzelom\/\" class=\"more-link\">&#8230;<\/a><\/p>\n","protected":false},"author":9,"featured_media":2157,"comment_status":"closed","ping_status":"open","sticky":false,"template":"","format":"standard","meta":{"footnotes":""},"categories":[3,2],"tags":[18,99,255,256,257,5],"class_list":["post-2143","post","type-post","status-publish","format-standard","has-post-thumbnail","hentry","category-novinky","category-tepla-vlna","tag-andrej-kuruc","tag-from-tepla-vlna","tag-marian-zary-kukelka","tag-partnerstvo","tag-svadba","tag-tepla-vlna"],"_links":{"self":[{"href":"https:\/\/duhovyrok.sk\/tepla-vlna\/wp-json\/wp\/v2\/posts\/2143","targetHints":{"allow":["GET"]}}],"collection":[{"href":"https:\/\/duhovyrok.sk\/tepla-vlna\/wp-json\/wp\/v2\/posts"}],"about":[{"href":"https:\/\/duhovyrok.sk\/tepla-vlna\/wp-json\/wp\/v2\/types\/post"}],"author":[{"embeddable":true,"href":"https:\/\/duhovyrok.sk\/tepla-vlna\/wp-json\/wp\/v2\/users\/9"}],"replies":[{"embeddable":true,"href":"https:\/\/duhovyrok.sk\/tepla-vlna\/wp-json\/wp\/v2\/comments?post=2143"}],"version-history":[{"count":3,"href":"https:\/\/duhovyrok.sk\/tepla-vlna\/wp-json\/wp\/v2\/posts\/2143\/revisions"}],"predecessor-version":[{"id":2156,"href":"https:\/\/duhovyrok.sk\/tepla-vlna\/wp-json\/wp\/v2\/posts\/2143\/revisions\/2156"}],"wp:featuredmedia":[{"embeddable":true,"href":"https:\/\/duhovyrok.sk\/tepla-vlna\/wp-json\/wp\/v2\/media\/2157"}],"wp:attachment":[{"href":"https:\/\/duhovyrok.sk\/tepla-vlna\/wp-json\/wp\/v2\/media?parent=2143"}],"wp:term":[{"taxonomy":"category","embeddable":true,"href":"https:\/\/duhovyrok.sk\/tepla-vlna\/wp-json\/wp\/v2\/categories?post=2143"},{"taxonomy":"post_tag","embeddable":true,"href":"https:\/\/duhovyrok.sk\/tepla-vlna\/wp-json\/wp\/v2\/tags?post=2143"}],"curies":[{"name":"wp","href":"https:\/\/api.w.org\/{rel}","templated":true}]}}