{"id":2125,"date":"2023-12-20T08:09:00","date_gmt":"2023-12-20T07:09:00","guid":{"rendered":"https:\/\/duhovyrok.sk\/tepla-vlna\/?p=2125"},"modified":"2023-12-20T08:51:46","modified_gmt":"2023-12-20T07:51:46","slug":"tepla-vlna-s-liberty-nase-tvare-nevidite-lebo-sa-necitime-v-bezpeci-hovori-dvojica-queer-studentstva","status":"publish","type":"post","link":"https:\/\/duhovyrok.sk\/tepla-vlna\/2023\/12\/20\/tepla-vlna-s-liberty-nase-tvare-nevidite-lebo-sa-necitime-v-bezpeci-hovori-dvojica-queer-studentstva\/","title":{"rendered":"Tepl\u00e1 vlna s Liberty: Na\u0161e tv\u00e1re nevid\u00edte, lebo sa nec\u00edtime v bezpe\u010d\u00ed, hovor\u00ed dvojica queer \u0161tudentstva"},"content":{"rendered":"\n<p>V novom \u0161peci\u00e1lnom vydan\u00ed Teplej vlny sme sa rozpr\u00e1vali s dvojicou queer \u0161tudentstva, ktor\u00e1 otvorene hovor\u00ed o predsudkoch na \u0161kol\u00e1ch. Moder\u00e1torka Liberty Blake Simon ich pravidelne stret\u00e1va na podujatiach QueerTimeOut Ligy za du\u0161evn\u00e9 zdravie.&nbsp;Ich pr\u00edbehy nepochopenia a nebezpe\u010dia ktor\u00e9 dennodenne za\u017e\u00edvaj\u00fa, vnes\u00fa slzy ka\u017ed\u00e9mu \u010dloveku, ktor\u00fd ch\u00e1pe \u017ee \u013eudia by sa mali c\u00edti\u0165 bezpe\u010dne a s\u00fa si predov\u0161etk\u00fdm rovn\u00ed. Realita je v\u0161ak \u00faplne in\u00e1.<\/p>\n\n\n\n<p>Epiz\u00f3da je v\u00fdnimo\u010dn\u00e1 aj preto, \u017ee o svojich starostiach hovoria anonymne, zozn\u00e1mte sa so Celeste a Skyler: \u201eTo \u017ee na\u0161e tvare nevid\u00edte je iba preto lebo sa na Slovensku nec\u00edtime v bezpe\u010d\u00ed. Pros\u00edm zmente to,\u201c vravia. \u010co by im pomohlo?&nbsp;<\/p>\n\n\n\n<p>Aktu\u00e1lny diel Teplej vlny si m\u00f4\u017eete pozrie\u0165 ni\u017e\u0161ie na\u00a0<a href=\"https:\/\/www.youtube.com\/watch?v=n3kEcrXwWOg\" data-type=\"link\" data-id=\"https:\/\/www.youtube.com\/watch?v=n3kEcrXwWOg\">YouTube<\/a>\u00a0alebo podcastov\u00fdch platform\u00e1ch\u00a0SME,\u00a0<a href=\"https:\/\/open.spotify.com\/episode\/4SIJqfS1TWmpEbAshAI404?si=39ee69ca341c41ea\" data-type=\"link\" data-id=\"https:\/\/open.spotify.com\/episode\/4SIJqfS1TWmpEbAshAI404?si=39ee69ca341c41ea\">Spotify<\/a>,\u00a0<a href=\"https:\/\/duhovyrok.podbean.com\/e\/tepla-vlna-s-liberty-nase-tvare-nevidite-lebo-sa-necitime-v-bezpeci-hovori-dvojica-queer-studentstva\/?token=deb62b4d6548911d1bb6da7fb4e6f655&amp;fbclid=IwAR2MiUcA3rokEN7qVsvbIS2xpNVGvVONUbs4bVnEBGTUbFM03xgy9robk98\" data-type=\"link\" data-id=\"https:\/\/duhovyrok.podbean.com\/e\/tepla-vlna-s-liberty-nase-tvare-nevidite-lebo-sa-necitime-v-bezpeci-hovori-dvojica-queer-studentstva\/?token=deb62b4d6548911d1bb6da7fb4e6f655&amp;fbclid=IwAR2MiUcA3rokEN7qVsvbIS2xpNVGvVONUbs4bVnEBGTUbFM03xgy9robk98\">PodBean<\/a>\u00a0alebo\u00a0<a href=\"https:\/\/podcasts.apple.com\/sk\/podcast\/tepl%C3%A1-vlna-s-liberty-na%C5%A1e-tv%C3%A1re-nevid%C3%ADte-lebo-sa-nec%C3%ADtime\/id1507703606?i=1000639176602\" data-type=\"link\" data-id=\"https:\/\/podcasts.apple.com\/sk\/podcast\/tepl%C3%A1-vlna-s-liberty-na%C5%A1e-tv%C3%A1re-nevid%C3%ADte-lebo-sa-nec%C3%ADtime\/id1507703606?i=1000639176602\">Apple Podcasts<\/a>.<\/p>\n\n\n\n<figure class=\"wp-block-embed is-type-video is-provider-youtube wp-block-embed-youtube wp-embed-aspect-16-9 wp-has-aspect-ratio\"><div class=\"wp-block-embed__wrapper\">\n<iframe loading=\"lazy\" title=\"Tepl\u00e1 vlna s Liberty: Na\u0161e tv\u00e1re nevid\u00edte,  nec\u00edtime sa v bezpe\u010d\u00ed, hovor\u00ed dvojica queer \u0161tudentstva\" width=\"1778\" height=\"1000\" src=\"https:\/\/www.youtube.com\/embed\/n3kEcrXwWOg?feature=oembed\" frameborder=\"0\" allow=\"accelerometer; autoplay; clipboard-write; encrypted-media; gyroscope; picture-in-picture; web-share\" allowfullscreen><\/iframe>\n<\/div><\/figure>\n\n\n\n<p>Tepl\u00e1 vlna je podcast Divadla NOMANTINELS, v ktorom sa rozpr\u00e1vame so zauj\u00edmav\u00fdmi osobnos\u0165ami a \u013eu\u010fmi zo slovenskej queer komunity o ich \u017eivote, in\u0161pirat\u00edvnych veciach, ktor\u00fdmi sa zaoberaj\u00fa a odvahe, ktor\u00e1 im pomohla prekona\u0165 predsudky okolia.&nbsp;<\/p>\n\n\n\n<p>Realizovan\u00e9 s finan\u010dnou podporou&nbsp;<a href=\"https:\/\/www.culture.gov.sk\/\">Ministerstva kult\u00fary SR<\/a>&nbsp;a&nbsp;<a href=\"https:\/\/www.justice.gov.sk\/\">Ministerstva spravodlivosti SR<\/a>&nbsp;v r\u00e1mci dota\u010dn\u00e9ho programu na presadzovanie, podporu a ochranu \u013eudsk\u00fdch pr\u00e1v a slob\u00f4d a na predch\u00e1dzanie v\u0161etk\u00fdm form\u00e1m diskrimin\u00e1cie, rasizmu, xenof\u00f3bie, antisemitizmu a ostatn\u00fdm form\u00e1m intolerancie.<\/p>\n\n\n\n<p>Z verejn\u00fdch zdrojov podporil&nbsp;<a href=\"https:\/\/www.fpu.sk\/sk\/\">Fond na podporu umenia<\/a>,&nbsp;<a href=\"https:\/\/nadaciamesta.bratislava.sk\/\">Nad\u00e1cia mesta Bratislava<\/a>&nbsp;a&nbsp;<a href=\"https:\/\/bratislavskykraj.sk\/\">Bratislavsk\u00fd samospr\u00e1vny kraj<\/a>.<\/p>\n\n\n\n<p>Foto: Jana Stankovi\u010dov\u00e1<\/p>\n","protected":false},"excerpt":{"rendered":"<p>V novom \u0161peci\u00e1lnom vydan\u00ed Teplej vlny sme sa rozpr\u00e1vali s dvojicou queer \u0161tudentstva, ktor\u00e1 otvorene hovor\u00ed o predsudkoch na \u0161kol\u00e1ch. Moder\u00e1torka Liberty Blake Simon ich pravidelne stret\u00e1va na podujatiach QueerTimeOut <a href=\"https:\/\/duhovyrok.sk\/tepla-vlna\/2023\/12\/20\/tepla-vlna-s-liberty-nase-tvare-nevidite-lebo-sa-necitime-v-bezpeci-hovori-dvojica-queer-studentstva\/\" class=\"more-link\">&#8230;<\/a><\/p>\n","protected":false},"author":9,"featured_media":2126,"comment_status":"closed","ping_status":"open","sticky":false,"template":"","format":"standard","meta":{"footnotes":""},"categories":[3,2],"tags":[99,174,4,5],"class_list":["post-2125","post","type-post","status-publish","format-standard","has-post-thumbnail","hentry","category-novinky","category-tepla-vlna","tag-from-tepla-vlna","tag-liberty-blake-simon","tag-podcast","tag-tepla-vlna"],"_links":{"self":[{"href":"https:\/\/duhovyrok.sk\/tepla-vlna\/wp-json\/wp\/v2\/posts\/2125","targetHints":{"allow":["GET"]}}],"collection":[{"href":"https:\/\/duhovyrok.sk\/tepla-vlna\/wp-json\/wp\/v2\/posts"}],"about":[{"href":"https:\/\/duhovyrok.sk\/tepla-vlna\/wp-json\/wp\/v2\/types\/post"}],"author":[{"embeddable":true,"href":"https:\/\/duhovyrok.sk\/tepla-vlna\/wp-json\/wp\/v2\/users\/9"}],"replies":[{"embeddable":true,"href":"https:\/\/duhovyrok.sk\/tepla-vlna\/wp-json\/wp\/v2\/comments?post=2125"}],"version-history":[{"count":2,"href":"https:\/\/duhovyrok.sk\/tepla-vlna\/wp-json\/wp\/v2\/posts\/2125\/revisions"}],"predecessor-version":[{"id":2129,"href":"https:\/\/duhovyrok.sk\/tepla-vlna\/wp-json\/wp\/v2\/posts\/2125\/revisions\/2129"}],"wp:featuredmedia":[{"embeddable":true,"href":"https:\/\/duhovyrok.sk\/tepla-vlna\/wp-json\/wp\/v2\/media\/2126"}],"wp:attachment":[{"href":"https:\/\/duhovyrok.sk\/tepla-vlna\/wp-json\/wp\/v2\/media?parent=2125"}],"wp:term":[{"taxonomy":"category","embeddable":true,"href":"https:\/\/duhovyrok.sk\/tepla-vlna\/wp-json\/wp\/v2\/categories?post=2125"},{"taxonomy":"post_tag","embeddable":true,"href":"https:\/\/duhovyrok.sk\/tepla-vlna\/wp-json\/wp\/v2\/tags?post=2125"}],"curies":[{"name":"wp","href":"https:\/\/api.w.org\/{rel}","templated":true}]}}