{"id":2114,"date":"2023-12-13T07:21:00","date_gmt":"2023-12-13T06:21:00","guid":{"rendered":"https:\/\/duhovyrok.sk\/tepla-vlna\/?p=2114"},"modified":"2023-12-14T12:02:28","modified_gmt":"2023-12-14T11:02:28","slug":"tepla-vlna-s-liberty-ester-vytvara-nove-bezpecne-miesto-pre-lgbti-ludi","status":"publish","type":"post","link":"https:\/\/duhovyrok.sk\/tepla-vlna\/2023\/12\/13\/tepla-vlna-s-liberty-ester-vytvara-nove-bezpecne-miesto-pre-lgbti-ludi\/","title":{"rendered":"Tepl\u00e1 vlna s Liberty: Ester vytv\u00e1ra nov\u00e9 bezpe\u010dn\u00e9 miesto pre LGBTI+ \u013eud\u00ed"},"content":{"rendered":"\n<p>V novej \u0161peci\u00e1lnej epiz\u00f3de podcastu&nbsp;Tepl\u00e1&nbsp;vlna&nbsp;sa modelka Liberty Blake Simon rozpr\u00e1vala s Ester, ktor\u00e1 v spolupr\u00e1ci s Ligou za du\u0161evn\u00e9 zdravie organizuje t\u00fd\u017edenn\u00e9 stretnutia pre ml\u00e1de\u017e z kv\u00edr komunity, kde d\u00e1va pocit bezpe\u010dia t\u00fdm, \u010do ho stratili.&nbsp;Ich s\u00fa\u010das\u0165ou s\u00fa stretnutia s odborn\u00edkmi, otvoren\u00e9 diskusie a hry. T\u00e1to aktivita ju nap\u013a\u0148a aj preto, \u017ee okolo nej vznik\u00e1 nov\u00e1 komunita a nov\u00e9 bezpe\u010dn\u00e9 miesto pre LGBTI+ \u013eud\u00ed.&nbsp;<\/p>\n\n\n\n<p>\u201eNa Slovensku osta\u0165 nechcem. K\u00fdm som ale tu, rozhodla som sa vytv\u00e1ra\u0165 bezpe\u010dn\u00e9 miesto, ktor\u00e9 som ja sama postr\u00e1dala,\u201d vrav\u00ed Ester. Ak\u00e9 Slovensko by si \u017eelala pre seba a svojich kamar\u00e1tov, kamar\u00e1tky?&nbsp;<\/p>\n\n\n\n<p>Aktu\u00e1lny diel Teplej vlny si m\u00f4\u017eete pozrie\u0165 ni\u017e\u0161ie na\u00a0<a href=\"https:\/\/www.youtube.com\/watch?v=_gK08lnSApo\" data-type=\"link\" data-id=\"https:\/\/www.youtube.com\/watch?v=_gK08lnSApo\">YouTube<\/a>\u00a0alebo podcastov\u00fdch platform\u00e1ch\u00a0<a href=\"https:\/\/podcasty.sme.sk\/c\/23256212\/tepla-vlna-s-liberty-ester-vytvara-nove-bezpecne-miesto-pre-lgbti-ludi.html?ref=sharebox&amp;fbclid=IwAR0GjH-wd50KTit1FJwSyBKq0QulgW7M-KiM6ATWW2xyz4jXQF3TO9il7MI\" data-type=\"link\" data-id=\"https:\/\/podcasty.sme.sk\/c\/23256212\/tepla-vlna-s-liberty-ester-vytvara-nove-bezpecne-miesto-pre-lgbti-ludi.html?ref=sharebox&amp;fbclid=IwAR0GjH-wd50KTit1FJwSyBKq0QulgW7M-KiM6ATWW2xyz4jXQF3TO9il7MI\">SME<\/a>,\u00a0<a href=\"https:\/\/open.spotify.com\/episode\/2Cbww5T4ebyhOhpBilxTf6?si=_y51H_DBQpeALGCHhwdTDQ\" data-type=\"link\" data-id=\"https:\/\/open.spotify.com\/episode\/2Cbww5T4ebyhOhpBilxTf6?si=_y51H_DBQpeALGCHhwdTDQ\">Spotify<\/a>,\u00a0<a href=\"https:\/\/duhovyrok.podbean.com\/e\/tepla-vlna-s-liberty-mlada-ester-vytvara-nove-bezpecne-miesto-pre-lgbti-ludi\/?token=0d0e6e6347514c729ab4676ff1edf1b3&amp;fbclid=IwAR13zckWO9KSICLs6oNEIT5StvoqNsYRwBgX8csyCIRdOeHN3WPCytPffPg\" data-type=\"link\" data-id=\"https:\/\/duhovyrok.podbean.com\/e\/tepla-vlna-s-liberty-mlada-ester-vytvara-nove-bezpecne-miesto-pre-lgbti-ludi\/?token=0d0e6e6347514c729ab4676ff1edf1b3&amp;fbclid=IwAR13zckWO9KSICLs6oNEIT5StvoqNsYRwBgX8csyCIRdOeHN3WPCytPffPg\">PodBean<\/a>\u00a0alebo\u00a0<a href=\"https:\/\/podcasts.apple.com\/sk\/podcast\/tepl%C3%A1-vlna-s-liberty-ester-vytv%C3%A1ra-nov%C3%A9-bezpe%C4%8Dn%C3%A9-miesto\/id1507703606?i=1000638404509\" data-type=\"link\" data-id=\"https:\/\/podcasts.apple.com\/sk\/podcast\/tepl%C3%A1-vlna-s-liberty-ester-vytv%C3%A1ra-nov%C3%A9-bezpe%C4%8Dn%C3%A9-miesto\/id1507703606?i=1000638404509\">Apple Podcasts<\/a>.<\/p>\n\n\n\n<figure class=\"wp-block-embed is-type-video is-provider-youtube wp-block-embed-youtube wp-embed-aspect-16-9 wp-has-aspect-ratio\"><div class=\"wp-block-embed__wrapper\">\n<iframe loading=\"lazy\" title=\"Tepl\u00e1 vlna s Liberty: Ester vytv\u00e1ra nov\u00e9 bezpe\u010dn\u00e9 miesto pre LGBTI+ \u013eud\u00ed\" width=\"1778\" height=\"1000\" src=\"https:\/\/www.youtube.com\/embed\/_gK08lnSApo?feature=oembed\" frameborder=\"0\" allow=\"accelerometer; autoplay; clipboard-write; encrypted-media; gyroscope; picture-in-picture; web-share\" allowfullscreen><\/iframe>\n<\/div><\/figure>\n\n\n\n<p>Tepl\u00e1 vlna je podcast Divadla NOMANTINELS, v ktorom sa rozpr\u00e1vame so zauj\u00edmav\u00fdmi osobnos\u0165ami a \u013eu\u010fmi zo slovenskej queer komunity o ich \u017eivote, in\u0161pirat\u00edvnych veciach, ktor\u00fdmi sa zaoberaj\u00fa a odvahe, ktor\u00e1 im pomohla prekona\u0165 predsudky okolia.&nbsp;<\/p>\n\n\n\n<p>Realizovan\u00e9 s finan\u010dnou podporou&nbsp;<a href=\"https:\/\/www.culture.gov.sk\/\">Ministerstva kult\u00fary SR<\/a>&nbsp;a&nbsp;<a href=\"https:\/\/www.justice.gov.sk\/\">Ministerstva spravodlivosti SR<\/a>&nbsp;v r\u00e1mci dota\u010dn\u00e9ho programu na presadzovanie, podporu a ochranu \u013eudsk\u00fdch pr\u00e1v a slob\u00f4d a na predch\u00e1dzanie v\u0161etk\u00fdm form\u00e1m diskrimin\u00e1cie, rasizmu, xenof\u00f3bie, antisemitizmu a ostatn\u00fdm form\u00e1m intolerancie.<\/p>\n\n\n\n<p>Z verejn\u00fdch zdrojov podporil&nbsp;<a href=\"https:\/\/www.fpu.sk\/sk\/\">Fond na podporu umenia<\/a>,&nbsp;<a href=\"https:\/\/nadaciamesta.bratislava.sk\/\">Nad\u00e1cia mesta Bratislava<\/a>&nbsp;a&nbsp;<a href=\"https:\/\/bratislavskykraj.sk\/\">Bratislavsk\u00fd samospr\u00e1vny kraj<\/a>.<\/p>\n\n\n\n<p>Foto: Jana Stankovi\u010dov\u00e1<\/p>\n","protected":false},"excerpt":{"rendered":"<p>V novej \u0161peci\u00e1lnej epiz\u00f3de podcastu&nbsp;Tepl\u00e1&nbsp;vlna&nbsp;sa modelka Liberty Blake Simon rozpr\u00e1vala s Ester, ktor\u00e1 v spolupr\u00e1ci s Ligou za du\u0161evn\u00e9 zdravie organizuje t\u00fd\u017edenn\u00e9 stretnutia pre ml\u00e1de\u017e z kv\u00edr komunity, kde d\u00e1va <a href=\"https:\/\/duhovyrok.sk\/tepla-vlna\/2023\/12\/13\/tepla-vlna-s-liberty-ester-vytvara-nove-bezpecne-miesto-pre-lgbti-ludi\/\" class=\"more-link\">&#8230;<\/a><\/p>\n","protected":false},"author":9,"featured_media":2115,"comment_status":"closed","ping_status":"open","sticky":false,"template":"","format":"standard","meta":{"footnotes":""},"categories":[3,2],"tags":[242,99,174,243,4,5],"class_list":["post-2114","post","type-post","status-publish","format-standard","has-post-thumbnail","hentry","category-novinky","category-tepla-vlna","tag-ester","tag-from-tepla-vlna","tag-liberty-blake-simon","tag-liga-za-dusevne-zdravie","tag-podcast","tag-tepla-vlna"],"_links":{"self":[{"href":"https:\/\/duhovyrok.sk\/tepla-vlna\/wp-json\/wp\/v2\/posts\/2114","targetHints":{"allow":["GET"]}}],"collection":[{"href":"https:\/\/duhovyrok.sk\/tepla-vlna\/wp-json\/wp\/v2\/posts"}],"about":[{"href":"https:\/\/duhovyrok.sk\/tepla-vlna\/wp-json\/wp\/v2\/types\/post"}],"author":[{"embeddable":true,"href":"https:\/\/duhovyrok.sk\/tepla-vlna\/wp-json\/wp\/v2\/users\/9"}],"replies":[{"embeddable":true,"href":"https:\/\/duhovyrok.sk\/tepla-vlna\/wp-json\/wp\/v2\/comments?post=2114"}],"version-history":[{"count":2,"href":"https:\/\/duhovyrok.sk\/tepla-vlna\/wp-json\/wp\/v2\/posts\/2114\/revisions"}],"predecessor-version":[{"id":2119,"href":"https:\/\/duhovyrok.sk\/tepla-vlna\/wp-json\/wp\/v2\/posts\/2114\/revisions\/2119"}],"wp:featuredmedia":[{"embeddable":true,"href":"https:\/\/duhovyrok.sk\/tepla-vlna\/wp-json\/wp\/v2\/media\/2115"}],"wp:attachment":[{"href":"https:\/\/duhovyrok.sk\/tepla-vlna\/wp-json\/wp\/v2\/media?parent=2114"}],"wp:term":[{"taxonomy":"category","embeddable":true,"href":"https:\/\/duhovyrok.sk\/tepla-vlna\/wp-json\/wp\/v2\/categories?post=2114"},{"taxonomy":"post_tag","embeddable":true,"href":"https:\/\/duhovyrok.sk\/tepla-vlna\/wp-json\/wp\/v2\/tags?post=2114"}],"curies":[{"name":"wp","href":"https:\/\/api.w.org\/{rel}","templated":true}]}}