{"id":2109,"date":"2023-12-06T07:41:00","date_gmt":"2023-12-06T06:41:00","guid":{"rendered":"https:\/\/duhovyrok.sk\/tepla-vlna\/?p=2109"},"modified":"2023-12-06T09:56:00","modified_gmt":"2023-12-06T08:56:00","slug":"tepla-vlna-s-liberty-mlady-transrodovy-muz-damian-hovori-ako-prekonal-neprijatie-v-rodine","status":"publish","type":"post","link":"https:\/\/duhovyrok.sk\/tepla-vlna\/2023\/12\/06\/tepla-vlna-s-liberty-mlady-transrodovy-muz-damian-hovori-ako-prekonal-neprijatie-v-rodine\/","title":{"rendered":"Tepl\u00e1 vlna s Liberty: Mlad\u00fd transrodov\u00fd mu\u017e Dami\u00e1n hovor\u00ed, ako prekonal neprijatie v rodine"},"content":{"rendered":"\n<p>V novej \u0161peci\u00e1lnej epiz\u00f3de podcastu Tepl\u00e1 vlna sa modelka Liberty Blake Simon rozpr\u00e1vala s mlad\u00fdm transrodov\u00fdm \u010dlovekom Dami\u00e1nom, ktor\u00fd ned\u00e1vno vypom\u00e1hal na Filmovom festivale inakosti. Dami\u00e1n vyrastal v bigotnej veriacej rodine, ktor\u00e1 sa mu oto\u010dila chrbtom potom ako o sebe povedal, k\u00fdm naozaj je. Jeho srdce napriek tomu \u017eiari l\u00e1skou a pochopen\u00edm.<\/p>\n\n\n\n<p>\u201cVytv\u00e1ram okolo seba tak\u00fd svet ak\u00fd som potreboval ke\u010f som bol mal\u00fd,\u201d vrav\u00ed Dami\u00e1n a podrobnej\u0161ie opisuje zmeny vo svojom \u017eivote, ktor\u00e9 za\u017eil po comingoute. <\/p>\n\n\n\n<p>Nov\u00fd diel Teplej vlny si m\u00f4\u017eete pozrie\u0165 ni\u017e\u0161ie na\u00a0<a href=\"https:\/\/www.youtube.com\/watch?v=Z6_QBViUh9c\" data-type=\"link\" data-id=\"https:\/\/www.youtube.com\/watch?v=Z6_QBViUh9c\">YouTube<\/a>\u00a0alebo podcastov\u00fdch platform\u00e1ch\u00a0SME,\u00a0<a href=\"https:\/\/open.spotify.com\/episode\/0mCDZ4juIbWn44bt2k14bv?si=d6560285b88f4caa\" data-type=\"link\" data-id=\"https:\/\/open.spotify.com\/episode\/0mCDZ4juIbWn44bt2k14bv?si=d6560285b88f4caa\">Spotify<\/a>,\u00a0<a href=\"https:\/\/duhovyrok.podbean.com\/e\/tepla-vlna-s-liberty-mlady-transrodovy-clovek-damian-hovori-ako-prekonal-neprijatie-v-rodine\/?token=431ffe02064f01737574c94d4a1ab70b&amp;fbclid=IwAR06Lsmq1Iq0ilY26_FyJI7mFdlVrG7jV8mIbSy9cUCv4REaTdLx6dswSBM\" data-type=\"link\" data-id=\"https:\/\/duhovyrok.podbean.com\/e\/tepla-vlna-s-liberty-mlady-transrodovy-clovek-damian-hovori-ako-prekonal-neprijatie-v-rodine\/?token=431ffe02064f01737574c94d4a1ab70b&amp;fbclid=IwAR06Lsmq1Iq0ilY26_FyJI7mFdlVrG7jV8mIbSy9cUCv4REaTdLx6dswSBM\">PodBean<\/a>\u00a0alebo\u00a0<a href=\"https:\/\/podcasts.apple.com\/sk\/podcast\/tepl%C3%A1-vlna-s-liberty-mlad%C3%BD-transrodov%C3%BD-mu%C5%BE-dami%C3%A1n-hovor%C3%AD\/id1507703606?i=1000637646477\" data-type=\"link\" data-id=\"https:\/\/podcasts.apple.com\/sk\/podcast\/tepl%C3%A1-vlna-s-liberty-mlad%C3%BD-transrodov%C3%BD-mu%C5%BE-dami%C3%A1n-hovor%C3%AD\/id1507703606?i=1000637646477\">Apple Podcasts<\/a>.<\/p>\n\n\n\n<figure class=\"wp-block-embed is-type-video is-provider-youtube wp-block-embed-youtube wp-embed-aspect-16-9 wp-has-aspect-ratio\"><div class=\"wp-block-embed__wrapper\">\n<iframe loading=\"lazy\" title=\"Tepl\u00e1 vlna s Liberty: Mlad\u00fd transrodov\u00fd mu\u017e Dami\u00e1n hovor\u00ed, ako prekonal neprijatie v rodine\" width=\"1778\" height=\"1000\" src=\"https:\/\/www.youtube.com\/embed\/Z6_QBViUh9c?feature=oembed\" frameborder=\"0\" allow=\"accelerometer; autoplay; clipboard-write; encrypted-media; gyroscope; picture-in-picture; web-share\" allowfullscreen><\/iframe>\n<\/div><\/figure>\n\n\n\n<p>Tepl\u00e1 vlna je podcast Divadla NOMANTINELS, v ktorom sa rozpr\u00e1vame so zauj\u00edmav\u00fdmi osobnos\u0165ami a \u013eu\u010fmi zo slovenskej queer komunity o ich \u017eivote, in\u0161pirat\u00edvnych veciach, ktor\u00fdmi sa zaoberaj\u00fa a odvahe, ktor\u00e1 im pomohla prekona\u0165 predsudky okolia.&nbsp;<\/p>\n\n\n\n<p>Realizovan\u00e9 s finan\u010dnou podporou&nbsp;<a href=\"https:\/\/www.culture.gov.sk\/\">Ministerstva kult\u00fary SR<\/a>&nbsp;a&nbsp;<a href=\"https:\/\/www.justice.gov.sk\/\">Ministerstva spravodlivosti SR<\/a>&nbsp;v r\u00e1mci dota\u010dn\u00e9ho programu na presadzovanie, podporu a ochranu \u013eudsk\u00fdch pr\u00e1v a slob\u00f4d a na predch\u00e1dzanie v\u0161etk\u00fdm form\u00e1m diskrimin\u00e1cie, rasizmu, xenof\u00f3bie, antisemitizmu a ostatn\u00fdm form\u00e1m intolerancie.<\/p>\n\n\n\n<p>Z verejn\u00fdch zdrojov podporil&nbsp;<a href=\"https:\/\/www.fpu.sk\/sk\/\">Fond na podporu umenia<\/a>,&nbsp;<a href=\"https:\/\/nadaciamesta.bratislava.sk\/\">Nad\u00e1cia mesta Bratislava<\/a>&nbsp;a&nbsp;<a href=\"https:\/\/bratislavskykraj.sk\/\">Bratislavsk\u00fd samospr\u00e1vny kraj<\/a>.<\/p>\n\n\n\n<p>Foto: Jana Stankovi\u010dov\u00e1<\/p>\n","protected":false},"excerpt":{"rendered":"<p>V novej \u0161peci\u00e1lnej epiz\u00f3de podcastu Tepl\u00e1 vlna sa modelka Liberty Blake Simon rozpr\u00e1vala s mlad\u00fdm transrodov\u00fdm \u010dlovekom Dami\u00e1nom, ktor\u00fd ned\u00e1vno vypom\u00e1hal na Filmovom festivale inakosti. Dami\u00e1n vyrastal v bigotnej veriacej <a href=\"https:\/\/duhovyrok.sk\/tepla-vlna\/2023\/12\/06\/tepla-vlna-s-liberty-mlady-transrodovy-muz-damian-hovori-ako-prekonal-neprijatie-v-rodine\/\" class=\"more-link\">&#8230;<\/a><\/p>\n","protected":false},"author":9,"featured_media":2110,"comment_status":"closed","ping_status":"open","sticky":false,"template":"","format":"standard","meta":{"footnotes":""},"categories":[3,2],"tags":[93,240,99,174,4,241,5,227],"class_list":["post-2109","post","type-post","status-publish","format-standard","has-post-thumbnail","hentry","category-novinky","category-tepla-vlna","tag-comingout","tag-damian","tag-from-tepla-vlna","tag-liberty-blake-simon","tag-podcast","tag-prijatie","tag-tepla-vlna","tag-tranzicia"],"_links":{"self":[{"href":"https:\/\/duhovyrok.sk\/tepla-vlna\/wp-json\/wp\/v2\/posts\/2109","targetHints":{"allow":["GET"]}}],"collection":[{"href":"https:\/\/duhovyrok.sk\/tepla-vlna\/wp-json\/wp\/v2\/posts"}],"about":[{"href":"https:\/\/duhovyrok.sk\/tepla-vlna\/wp-json\/wp\/v2\/types\/post"}],"author":[{"embeddable":true,"href":"https:\/\/duhovyrok.sk\/tepla-vlna\/wp-json\/wp\/v2\/users\/9"}],"replies":[{"embeddable":true,"href":"https:\/\/duhovyrok.sk\/tepla-vlna\/wp-json\/wp\/v2\/comments?post=2109"}],"version-history":[{"count":2,"href":"https:\/\/duhovyrok.sk\/tepla-vlna\/wp-json\/wp\/v2\/posts\/2109\/revisions"}],"predecessor-version":[{"id":2113,"href":"https:\/\/duhovyrok.sk\/tepla-vlna\/wp-json\/wp\/v2\/posts\/2109\/revisions\/2113"}],"wp:featuredmedia":[{"embeddable":true,"href":"https:\/\/duhovyrok.sk\/tepla-vlna\/wp-json\/wp\/v2\/media\/2110"}],"wp:attachment":[{"href":"https:\/\/duhovyrok.sk\/tepla-vlna\/wp-json\/wp\/v2\/media?parent=2109"}],"wp:term":[{"taxonomy":"category","embeddable":true,"href":"https:\/\/duhovyrok.sk\/tepla-vlna\/wp-json\/wp\/v2\/categories?post=2109"},{"taxonomy":"post_tag","embeddable":true,"href":"https:\/\/duhovyrok.sk\/tepla-vlna\/wp-json\/wp\/v2\/tags?post=2109"}],"curies":[{"name":"wp","href":"https:\/\/api.w.org\/{rel}","templated":true}]}}