{"id":2097,"date":"2023-11-08T08:00:00","date_gmt":"2023-11-08T07:00:00","guid":{"rendered":"https:\/\/duhovyrok.sk\/tepla-vlna\/?p=2097"},"modified":"2023-11-08T18:54:26","modified_gmt":"2023-11-08T17:54:26","slug":"tepla-vlna-o-zazitkoch-s-duhovou-vlajkou-v-milionovom-dave-mladych-krestanov-rozprava-kika-buchelova","status":"publish","type":"post","link":"https:\/\/duhovyrok.sk\/tepla-vlna\/2023\/11\/08\/tepla-vlna-o-zazitkoch-s-duhovou-vlajkou-v-milionovom-dave-mladych-krestanov-rozprava-kika-buchelova\/","title":{"rendered":"Tepl\u00e1 vlna: O z\u00e1\u017eitkoch s d\u00fahovou vlajkou v mili\u00f3novom dave mlad\u00fdch kres\u0165anov rozpr\u00e1va Kika Buchelov\u00e1"},"content":{"rendered":"\n<p>Kika Buchelov\u00e1 za\u010dala v septembri \u0161tudova\u0165 v Brne. Vyrastala v \u017diline v slovensko-alb\u00e1nskej rodine zmie\u0161an\u00e9ho vierovyznania. Kres\u0165ansk\u00fa vieru dostala do vienka, anga\u017eovala sa v protestantsk\u00fdch i katol\u00edckych ob\u010dianskych spolo\u010denstv\u00e1ch. Vyz\u00fdvali ju, aby \u017eila v&nbsp;celib\u00e1te.&nbsp;<\/p>\n\n\n\n<p>Ke\u010f sa v\u0161ak za\u013e\u00fabila do \u017eeny, uvedomila si, \u017ee k&nbsp;naplnen\u00e9mu vz\u0165ahu patr\u00ed aj telesn\u00e1 l\u00e1ska. Preto h\u013eadala porozumenie v&nbsp;r\u00f4znych spolo\u010denstv\u00e1ch. Ako dobrovo\u013en\u00ed\u010dka zdru\u017eenia SIGNUM sa dostala na Svetov\u00e9 dni ml\u00e1de\u017ee v&nbsp;portugalskom Lisabone. Tam sa spolupodie\u013eala na otvoren\u00ed a&nbsp;prev\u00e1dzke medzin\u00e1rodn\u00e9ho D\u00fahov\u00e9ho centra pre LGBTI+ osoby. Na podujat\u00ed v\u0161ak veriacich s d\u00fahov\u00fdmi vlajkami napadla skupinka konzervat\u00edvnych katol\u00edkov. T\u00e1to sk\u00fasenos\u0165 Kiku \u0161okovala.<\/p>\n\n\n\n<p>Je pre LGBTI+ \u013eud\u00ed miesto v&nbsp;kres\u0165ansk\u00fdch spolo\u010denstv\u00e1ch? Predstavuje medzin\u00e1rodn\u00e1 spolupr\u00e1ca v\u00fdchodisko pre pomoc queer \u013eudom na Slovensku? M\u00f4\u017eu reformn\u00e9 snahy p\u00e1pe\u017ea Franti\u0161ka prinies\u0165 v\u00e4\u010d\u0161iu inkl\u00faziu d\u00fahov\u00fdch veriacich v&nbsp;katol\u00edckej cirkvi? Rozhovor s&nbsp;Kikou moderoval Miroslav Ma\u0165avka zo spolo\u010denstva <a href=\"https:\/\/duhovi-krestania.sk\/\" data-type=\"link\" data-id=\"https:\/\/duhovi-krestania.sk\/\">SIGNUM \u2013 D\u00fahov\u00ed kres\u0165ania<\/a>.<\/p>\n\n\n\n<p>Aktu\u00e1lny diel Teplej vlny si m\u00f4\u017eete pozrie\u0165 ni\u017e\u0161ie na\u00a0<a href=\"https:\/\/youtu.be\/_YtRhIdMQHo?si=YwHbSuw7yqKvyFcD\" data-type=\"link\" data-id=\"https:\/\/youtu.be\/_YtRhIdMQHo?si=YwHbSuw7yqKvyFcD\">YouTube<\/a>\u00a0alebo podcastov\u00fdch platform\u00e1ch\u00a0<a href=\"https:\/\/podcasty.sme.sk\/c\/23241585\/tepla-vlna-o-zazitkoch-s-duhovou-vlajkou-v-milionovom-dave-mladych-krestanov-rozprava-kika-buchelova.html?ref=sharebox\">SME<\/a>,\u00a0<a href=\"https:\/\/open.spotify.com\/episode\/1BLh071LHUp9F5woCQxjQm?si=m6PBrN9TQu-kz4ft9vrCIA\" data-type=\"link\" data-id=\"https:\/\/open.spotify.com\/episode\/1BLh071LHUp9F5woCQxjQm?si=m6PBrN9TQu-kz4ft9vrCIA\">Spotify<\/a>,\u00a0<a href=\"https:\/\/duhovyrok.podbean.com\/e\/tepla-vlna-o-zazitkoch-s-duhovou-vlajkou-v-milionovom-dave-mladych-krestanov-rozprava-kika-buchelova\/?token=868cd15400f6ec0098a97e188947a37f&amp;fbclid=IwAR2tKDYBYBlp5LSYklLfVbFuORtcWbYlms0F7aBwGZPqsML_1TbYtZTYu90\" data-type=\"link\" data-id=\"https:\/\/duhovyrok.podbean.com\/e\/tepla-vlna-o-zazitkoch-s-duhovou-vlajkou-v-milionovom-dave-mladych-krestanov-rozprava-kika-buchelova\/?token=868cd15400f6ec0098a97e188947a37f&amp;fbclid=IwAR2tKDYBYBlp5LSYklLfVbFuORtcWbYlms0F7aBwGZPqsML_1TbYtZTYu90\">PodBean<\/a>\u00a0alebo\u00a0<a href=\"https:\/\/podcasts.apple.com\/sk\/podcast\/o-z%C3%A1%C5%BEitkoch-s-d%C3%BAhovou-vlajkou-v-mili%C3%B3novom-dave-mlad%C3%BDch\/id1507703606?i=1000634102017\" data-type=\"link\" data-id=\"https:\/\/podcasts.apple.com\/sk\/podcast\/o-z%C3%A1%C5%BEitkoch-s-d%C3%BAhovou-vlajkou-v-mili%C3%B3novom-dave-mlad%C3%BDch\/id1507703606?i=1000634102017\">Apple Podcasts<\/a>.<\/p>\n\n\n\n<figure class=\"wp-block-embed is-type-video is-provider-youtube wp-block-embed-youtube wp-embed-aspect-16-9 wp-has-aspect-ratio\"><div class=\"wp-block-embed__wrapper\">\n<iframe loading=\"lazy\" title=\"O z\u00e1\u017eitkoch s d\u00fahovou vlajkou v mili\u00f3novom dave mlad\u00fdch kres\u0165anov rozpr\u00e1va Kika Buchelov\u00e1\" width=\"1778\" height=\"1000\" src=\"https:\/\/www.youtube.com\/embed\/_YtRhIdMQHo?feature=oembed\" frameborder=\"0\" allow=\"accelerometer; autoplay; clipboard-write; encrypted-media; gyroscope; picture-in-picture; web-share\" allowfullscreen><\/iframe>\n<\/div><\/figure>\n\n\n\n<p>Tepl\u00e1&nbsp;vlna&nbsp;je podcast Divadla NOMANTINELS, v ktorom sa rozpr\u00e1vame so zauj\u00edmav\u00fdmi osobnos\u0165ami a \u013eu\u010fmi zo slovenskej queer komunity o ich \u017eivote, in\u0161pirat\u00edvnych veciach, ktor\u00fdmi sa zaoberaj\u00fa a odvahe, ktor\u00e1 im pomohla prekona\u0165 predsudky okolia. Rozhovory moderuje Andrej Kuruc, Marek&nbsp;Hudec, Miroslav Ma\u0165avka a Liberty Blake Simon.<\/p>\n\n\n\n<p>Realizovan\u00e9 s finan\u010dnou podporou&nbsp;<a href=\"https:\/\/www.culture.gov.sk\/\">Ministerstva kult\u00fary SR<\/a>&nbsp;a&nbsp;<a href=\"https:\/\/www.justice.gov.sk\/\">Ministerstva spravodlivosti SR<\/a>&nbsp;v r\u00e1mci dota\u010dn\u00e9ho programu na presadzovanie, podporu a ochranu \u013eudsk\u00fdch pr\u00e1v a slob\u00f4d a na predch\u00e1dzanie v\u0161etk\u00fdm form\u00e1m diskrimin\u00e1cie, rasizmu, xenof\u00f3bie, antisemitizmu a ostatn\u00fdm form\u00e1m intolerancie.<\/p>\n\n\n\n<p>Z verejn\u00fdch zdrojov podporil&nbsp;<a href=\"https:\/\/www.fpu.sk\/sk\/\">Fond na podporu umenia<\/a>,&nbsp;<a href=\"https:\/\/nadaciamesta.bratislava.sk\/\">Nad\u00e1cia mesta Bratislava<\/a>&nbsp;a&nbsp;<a href=\"https:\/\/bratislavskykraj.sk\/\">Bratislavsk\u00fd samospr\u00e1vny kraj<\/a>.<\/p>\n","protected":false},"excerpt":{"rendered":"<p>Kika Buchelov\u00e1 za\u010dala v septembri \u0161tudova\u0165 v Brne. Vyrastala v \u017diline v slovensko-alb\u00e1nskej rodine zmie\u0161an\u00e9ho vierovyznania. Kres\u0165ansk\u00fa vieru dostala do vienka, anga\u017eovala sa v protestantsk\u00fdch i katol\u00edckych ob\u010dianskych spolo\u010denstv\u00e1ch. Vyz\u00fdvali <a href=\"https:\/\/duhovyrok.sk\/tepla-vlna\/2023\/11\/08\/tepla-vlna-o-zazitkoch-s-duhovou-vlajkou-v-milionovom-dave-mladych-krestanov-rozprava-kika-buchelova\/\" class=\"more-link\">&#8230;<\/a><\/p>\n","protected":false},"author":9,"featured_media":2098,"comment_status":"closed","ping_status":"open","sticky":false,"template":"","format":"standard","meta":{"footnotes":""},"categories":[3,2],"tags":[99,238,198,4,188,5],"class_list":["post-2097","post","type-post","status-publish","format-standard","has-post-thumbnail","hentry","category-novinky","category-tepla-vlna","tag-from-tepla-vlna","tag-kika-buchelova","tag-miro-matavka","tag-podcast","tag-signum","tag-tepla-vlna"],"_links":{"self":[{"href":"https:\/\/duhovyrok.sk\/tepla-vlna\/wp-json\/wp\/v2\/posts\/2097","targetHints":{"allow":["GET"]}}],"collection":[{"href":"https:\/\/duhovyrok.sk\/tepla-vlna\/wp-json\/wp\/v2\/posts"}],"about":[{"href":"https:\/\/duhovyrok.sk\/tepla-vlna\/wp-json\/wp\/v2\/types\/post"}],"author":[{"embeddable":true,"href":"https:\/\/duhovyrok.sk\/tepla-vlna\/wp-json\/wp\/v2\/users\/9"}],"replies":[{"embeddable":true,"href":"https:\/\/duhovyrok.sk\/tepla-vlna\/wp-json\/wp\/v2\/comments?post=2097"}],"version-history":[{"count":2,"href":"https:\/\/duhovyrok.sk\/tepla-vlna\/wp-json\/wp\/v2\/posts\/2097\/revisions"}],"predecessor-version":[{"id":2104,"href":"https:\/\/duhovyrok.sk\/tepla-vlna\/wp-json\/wp\/v2\/posts\/2097\/revisions\/2104"}],"wp:featuredmedia":[{"embeddable":true,"href":"https:\/\/duhovyrok.sk\/tepla-vlna\/wp-json\/wp\/v2\/media\/2098"}],"wp:attachment":[{"href":"https:\/\/duhovyrok.sk\/tepla-vlna\/wp-json\/wp\/v2\/media?parent=2097"}],"wp:term":[{"taxonomy":"category","embeddable":true,"href":"https:\/\/duhovyrok.sk\/tepla-vlna\/wp-json\/wp\/v2\/categories?post=2097"},{"taxonomy":"post_tag","embeddable":true,"href":"https:\/\/duhovyrok.sk\/tepla-vlna\/wp-json\/wp\/v2\/tags?post=2097"}],"curies":[{"name":"wp","href":"https:\/\/api.w.org\/{rel}","templated":true}]}}