{"id":2090,"date":"2023-10-25T08:16:00","date_gmt":"2023-10-25T06:16:00","guid":{"rendered":"https:\/\/duhovyrok.sk\/tepla-vlna\/?p=2090"},"modified":"2023-10-25T17:21:06","modified_gmt":"2023-10-25T15:21:06","slug":"tepla-vlna-muzi-sa-mi-casto-ponukaju-za-modelov-vravi-maliar-dubravsky","status":"publish","type":"post","link":"https:\/\/duhovyrok.sk\/tepla-vlna\/2023\/10\/25\/tepla-vlna-muzi-sa-mi-casto-ponukaju-za-modelov-vravi-maliar-dubravsky\/","title":{"rendered":"Tepl\u00e1 vlna: Mu\u017ei sa mi \u010dasto pon\u00fakaj\u00fa za modelov, vrav\u00ed maliar D\u00fabravsk\u00fd"},"content":{"rendered":"\n<p>V detstve ho in\u0161pirovali v\u00fdlety k babke do z\u00e1hrady, r\u00e1d kreslil napr\u00edklad zvierat\u00e1. Pred viac ne\u017e desiatimi rokmi vyhral Andrej D\u00fabravsk\u00fd cenu Ma\u013eba roka, odvtedy vystavoval po celom svete a v umen\u00ed s\u00fa u\u017e ikonick\u00e9 jeho portr\u00e9ty zaja\u010dikov \u010di obrazy s ekologick\u00fdmi t\u00e9mami. Najrad\u0161ej tvor\u00ed vo svojom dedinskom dom\u010deku v Rastislaviciach, v poslednom obdob\u00ed ma\u013euje s\u00e9riu be\u017ecov.&nbsp;<\/p>\n\n\n\n<p>V \u010dom ho na strednej \u0161kole fascinovala vizualita superhrdinsk\u00fdch komiksov? V \u010dom ho oslobodilo spozn\u00e1vanie in\u00fdch queer umelcov? Ako vznikol n\u00e1pad na jeho v\u00fdnimo\u010dn\u00fa v\u00fdstavu na Zlat\u00fdch pieskoch, ktor\u00e9 \u010diasto\u010dne aj dnes patria medzi zn\u00e1me gejsk\u00e9 miesta? Kde nach\u00e1dza modelov pre svoje ma\u013eby? \u010casto sa mu toti\u017e mu\u017ei pon\u00fakaj\u00fa aj sami.&nbsp;<\/p>\n\n\n\n<p>Aktu\u00e1lny diel Teplej vlny si m\u00f4\u017eete pozrie\u0165 ni\u017e\u0161ie na&nbsp;<a href=\"https:\/\/www.youtube.com\/watch?v=j2ZUYG_lmAk\" data-type=\"link\" data-id=\"https:\/\/www.youtube.com\/watch?v=j2ZUYG_lmAk\">YouTube<\/a>&nbsp;alebo podcastov\u00fdch platform\u00e1ch&nbsp;<a href=\"https:\/\/podcasty.sme.sk\/c\/23236188\/tepla-vlna-spoznanie-inych-queer-umelcov-ma-oslobodilo-vravi-maliar-dubravsky.html\" data-type=\"link\" data-id=\"https:\/\/podcasty.sme.sk\/c\/23236188\/tepla-vlna-spoznanie-inych-queer-umelcov-ma-oslobodilo-vravi-maliar-dubravsky.html\">SME<\/a>,&nbsp;<a href=\"https:\/\/open.spotify.com\/episode\/791b1W3BVNmx9Hin7YNP5G?si=7210d5dfcfe94b63\" data-type=\"link\" data-id=\"https:\/\/open.spotify.com\/episode\/791b1W3BVNmx9Hin7YNP5G?si=7210d5dfcfe94b63\">Spotify<\/a>,&nbsp;<a href=\"https:\/\/duhovyrok.podbean.com\/e\/muzi-sa-mi-casto-ponukaju-za-modelov-vravi-maliar-dubravsky\/?token=601c0e67683138c47e4a478d5a15d404&amp;fbclid=IwAR3k0AmeulMqmGq3dtcqdjwpa4GpHJIvqrHvKkWWNOHKrpSSQesx1HKxkbw\" data-type=\"link\" data-id=\"https:\/\/duhovyrok.podbean.com\/e\/muzi-sa-mi-casto-ponukaju-za-modelov-vravi-maliar-dubravsky\/?token=601c0e67683138c47e4a478d5a15d404&amp;fbclid=IwAR3k0AmeulMqmGq3dtcqdjwpa4GpHJIvqrHvKkWWNOHKrpSSQesx1HKxkbw\">PodBean<\/a>&nbsp;alebo&nbsp;<a href=\"https:\/\/podcasts.apple.com\/sk\/podcast\/mu%C5%BEi-sa-mi-%C4%8Dasto-pon%C3%BAkaj%C3%BA-za-modelov-vrav%C3%AD-maliar-d%C3%BAbravsk%C3%BD\/id1507703606?i=1000632538781\" data-type=\"link\" data-id=\"https:\/\/podcasts.apple.com\/sk\/podcast\/mu%C5%BEi-sa-mi-%C4%8Dasto-pon%C3%BAkaj%C3%BA-za-modelov-vrav%C3%AD-maliar-d%C3%BAbravsk%C3%BD\/id1507703606?i=1000632538781\">Apple Podcasts<\/a>.<\/p>\n\n\n\n<p>Tepl\u00e1&nbsp;vlna&nbsp;je podcast Divadla NOMANTINELS, v ktorom sa rozpr\u00e1vame so zauj\u00edmav\u00fdmi osobnos\u0165ami a \u013eu\u010fmi zo slovenskej queer komunity o ich \u017eivote, in\u0161pirat\u00edvnych veciach, ktor\u00fdmi sa zaoberaj\u00fa a odvahe, ktor\u00e1 im pomohla prekona\u0165 predsudky okolia. Rozhovory moderuje Andrej Kuruc, Marek&nbsp;Hudec&nbsp;a Liberty Blake Simon. Epiz\u00f3du sme nahr\u00e1vali e\u0161te na jar.<\/p>\n\n\n\n<p>Realizovan\u00e9 s finan\u010dnou podporou&nbsp;<a href=\"https:\/\/www.culture.gov.sk\/\">Ministerstva kult\u00fary SR<\/a>&nbsp;a&nbsp;<a href=\"https:\/\/www.justice.gov.sk\/\">Ministerstva spravodlivosti SR<\/a>&nbsp;v r\u00e1mci dota\u010dn\u00e9ho programu na presadzovanie, podporu a ochranu \u013eudsk\u00fdch pr\u00e1v a slob\u00f4d a na predch\u00e1dzanie v\u0161etk\u00fdm form\u00e1m diskrimin\u00e1cie, rasizmu, xenof\u00f3bie, antisemitizmu a ostatn\u00fdm form\u00e1m intolerancie.<\/p>\n\n\n\n<p>Z verejn\u00fdch zdrojov podporil&nbsp;<a href=\"https:\/\/www.fpu.sk\/sk\/\">Fond na podporu umenia<\/a>,&nbsp;<a href=\"https:\/\/nadaciamesta.bratislava.sk\/\">Nad\u00e1cia mesta Bratislava<\/a>&nbsp;a&nbsp;<a href=\"https:\/\/bratislavskykraj.sk\/\">Bratislavsk\u00fd samospr\u00e1vny kraj<\/a>.<\/p>\n","protected":false},"excerpt":{"rendered":"<p>V detstve ho in\u0161pirovali v\u00fdlety k babke do z\u00e1hrady, r\u00e1d kreslil napr\u00edklad zvierat\u00e1. Pred viac ne\u017e desiatimi rokmi vyhral Andrej D\u00fabravsk\u00fd cenu Ma\u013eba roka, odvtedy vystavoval po celom svete a <a href=\"https:\/\/duhovyrok.sk\/tepla-vlna\/2023\/10\/25\/tepla-vlna-muzi-sa-mi-casto-ponukaju-za-modelov-vravi-maliar-dubravsky\/\" class=\"more-link\">&#8230;<\/a><\/p>\n","protected":false},"author":9,"featured_media":2091,"comment_status":"closed","ping_status":"open","sticky":false,"template":"","format":"standard","meta":{"footnotes":""},"categories":[3,2],"tags":[236,99,237,61,4,5,62],"class_list":["post-2090","post","type-post","status-publish","format-standard","has-post-thumbnail","hentry","category-novinky","category-tepla-vlna","tag-andrej-dubravksy","tag-from-tepla-vlna","tag-maliar","tag-marek-hudec","tag-podcast","tag-tepla-vlna","tag-umenie"],"_links":{"self":[{"href":"https:\/\/duhovyrok.sk\/tepla-vlna\/wp-json\/wp\/v2\/posts\/2090","targetHints":{"allow":["GET"]}}],"collection":[{"href":"https:\/\/duhovyrok.sk\/tepla-vlna\/wp-json\/wp\/v2\/posts"}],"about":[{"href":"https:\/\/duhovyrok.sk\/tepla-vlna\/wp-json\/wp\/v2\/types\/post"}],"author":[{"embeddable":true,"href":"https:\/\/duhovyrok.sk\/tepla-vlna\/wp-json\/wp\/v2\/users\/9"}],"replies":[{"embeddable":true,"href":"https:\/\/duhovyrok.sk\/tepla-vlna\/wp-json\/wp\/v2\/comments?post=2090"}],"version-history":[{"count":3,"href":"https:\/\/duhovyrok.sk\/tepla-vlna\/wp-json\/wp\/v2\/posts\/2090\/revisions"}],"predecessor-version":[{"id":2095,"href":"https:\/\/duhovyrok.sk\/tepla-vlna\/wp-json\/wp\/v2\/posts\/2090\/revisions\/2095"}],"wp:featuredmedia":[{"embeddable":true,"href":"https:\/\/duhovyrok.sk\/tepla-vlna\/wp-json\/wp\/v2\/media\/2091"}],"wp:attachment":[{"href":"https:\/\/duhovyrok.sk\/tepla-vlna\/wp-json\/wp\/v2\/media?parent=2090"}],"wp:term":[{"taxonomy":"category","embeddable":true,"href":"https:\/\/duhovyrok.sk\/tepla-vlna\/wp-json\/wp\/v2\/categories?post=2090"},{"taxonomy":"post_tag","embeddable":true,"href":"https:\/\/duhovyrok.sk\/tepla-vlna\/wp-json\/wp\/v2\/tags?post=2090"}],"curies":[{"name":"wp","href":"https:\/\/api.w.org\/{rel}","templated":true}]}}