{"id":2083,"date":"2023-10-18T11:39:55","date_gmt":"2023-10-18T09:39:55","guid":{"rendered":"https:\/\/duhovyrok.sk\/tepla-vlna\/?p=2083"},"modified":"2023-10-18T11:40:13","modified_gmt":"2023-10-18T09:40:13","slug":"tepla-vlna-v-idealnom-svete-by-sme-coming-out-nepotrebovali-vravi-moderator-iliev","status":"publish","type":"post","link":"https:\/\/duhovyrok.sk\/tepla-vlna\/2023\/10\/18\/tepla-vlna-v-idealnom-svete-by-sme-coming-out-nepotrebovali-vravi-moderator-iliev\/","title":{"rendered":"Tepl\u00e1 vlna: V ide\u00e1lnom svete by sme coming-out nepotrebovali, vrav\u00ed moder\u00e1tor Iliev"},"content":{"rendered":"\n<p>Poch\u00e1dza z Oravy, do Bratislavy sa pres\u0165ahoval v \u010dase, ke\u010f si za\u010dal uvedomova\u0165 svoju identitu. Moder\u00e1tora Ras\u0165a Ilieva od detstva bavila m\u00f3da, sn\u00edval, \u017ee bude hviezdou na runway. Do m\u00e9di\u00ed sa dostal n\u00e1hodou, na odpor\u00fa\u010danie kamar\u00e1tky sa prihl\u00e1sil do konkurzu Slovensk\u00e9ho rozhlasu, a \u017eurnalistike sa venuje dodnes, moderuje popul\u00e1rnu rel\u00e1ciu V politike na telev\u00edzii TA3.<\/p>\n\n\n\n<p>Po vra\u017ede Juraja a Mat\u00fa\u0161a pred Tepl\u00e1r\u0148ou bol jednou z m\u00e1la verejne zn\u00e1mych osobnost\u00ed, ktor\u00e9 sa rozhodli pre coming-out.&nbsp;Podobne ako jeho kolega Richard D\u00edrer, v diskusnej rel\u00e1cii V politike konfrontoval nieko\u013ek\u00fdch politikov a politi\u010dku po\u010das diskusie, ktor\u00e1 mala by\u0165 p\u00f4vodne o n\u00e1vrhu o partnerskom spolu\u017eit\u00ed. O tom, \u017ee je gej, za\u010dal hovori\u0165 hne\u010f na za\u010diatku rel\u00e1cie.&nbsp;<\/p>\n\n\n\n<p>Chcel reagova\u0165 na hnev a vysla\u0165 sign\u00e1l, \u017ee queer \u013eud\u00ed je v spolo\u010dnosti ve\u013ea. Mysl\u00ed si, \u017ee keby sme \u017eili v ide\u00e1lnom svete, \u017eiadny coming-out by sme nepotrebovali. Ak\u00fd zmysel vid\u00ed v pr\u00e1ci v m\u00e9di\u00e1ch? A c\u00edti na Slovensku pocit ohrozenia? Dar\u00ed sa mu n\u00e1js\u0165 si \u010das pre seba v hektickom spravodajskom cykle?<\/p>\n\n\n\n<p>Nov\u00fd diel Teplej vlny si m\u00f4\u017eete pozrie\u0165 ni\u017e\u0161ie na&nbsp;<a href=\"https:\/\/www.youtube.com\/watch?v=2eKtBnrT48s\" data-type=\"link\" data-id=\"https:\/\/www.youtube.com\/watch?v=2eKtBnrT48s\">YouTube<\/a>&nbsp;alebo podcastov\u00fdch platform\u00e1ch&nbsp;SME,&nbsp;<a href=\"https:\/\/open.spotify.com\/episode\/4CI0LxKAIU9GyflioJB4G6?si=ROYyfN4OR1ibkQcvcwYjXQ&amp;fbclid=IwAR2wIctwfxlyS7HBZuvnbPdRFXcTOGNdycyFToYstG7gKaPA7Ch5FLJB_Lg&amp;nd=1\" data-type=\"link\" data-id=\"https:\/\/open.spotify.com\/episode\/4CI0LxKAIU9GyflioJB4G6?si=ROYyfN4OR1ibkQcvcwYjXQ&amp;fbclid=IwAR2wIctwfxlyS7HBZuvnbPdRFXcTOGNdycyFToYstG7gKaPA7Ch5FLJB_Lg&amp;nd=1\">Spotify<\/a>,&nbsp;<a href=\"https:\/\/duhovyrok.podbean.com\/e\/v-idealnom-svete-by-sme-coming-out-nepotrebovali-vravi-moderator-iliev\/?token=92a21f0ff43461ff4eb7542de06a6fe7&amp;fbclid=IwAR0nMinGcP8eTHwEvj_MK7dZFq9hEFtGBcjB17Ng_q6_RET8njONGP_T-Ms\" data-type=\"link\" data-id=\"https:\/\/duhovyrok.podbean.com\/e\/v-idealnom-svete-by-sme-coming-out-nepotrebovali-vravi-moderator-iliev\/?token=92a21f0ff43461ff4eb7542de06a6fe7&amp;fbclid=IwAR0nMinGcP8eTHwEvj_MK7dZFq9hEFtGBcjB17Ng_q6_RET8njONGP_T-Ms\">PodBean<\/a>&nbsp;alebo&nbsp;<a href=\"https:\/\/podcasts.apple.com\/sk\/podcast\/v-ide%C3%A1lnom-svete-by-sme-coming-out-nepotrebovali-vrav%C3%AD\/id1507703606?i=1000631696602\" data-type=\"link\" data-id=\"https:\/\/podcasts.apple.com\/sk\/podcast\/v-ide%C3%A1lnom-svete-by-sme-coming-out-nepotrebovali-vrav%C3%AD\/id1507703606?i=1000631696602\">Apple Podcasts<\/a>.<\/p>\n\n\n\n<figure class=\"wp-block-embed is-type-video is-provider-youtube wp-block-embed-youtube wp-embed-aspect-16-9 wp-has-aspect-ratio\"><div class=\"wp-block-embed__wrapper\">\nhttps:\/\/www.youtube.com\/watch?v=2eKtBnrT48s\n<\/div><\/figure>\n\n\n\n<p>Tepl\u00e1 vlna je podcast Divadla NOMANTINELS, v ktorom sa rozpr\u00e1vame so zauj\u00edmav\u00fdmi osobnos\u0165ami a \u013eu\u010fmi zo slovenskej queer komunity o ich \u017eivote, in\u0161pirat\u00edvnych veciach, ktor\u00fdmi sa zaoberaj\u00fa a odvahe, ktor\u00e1 im pomohla prekona\u0165 predsudky okolia. Rozhovory moderuje Andrej Kuruc, Marek Hudec a Liberty Blake Simon. Epiz\u00f3du sme nahr\u00e1vali v lete.<\/p>\n\n\n\n<p>Realizovan\u00e9 s finan\u010dnou podporou&nbsp;<a href=\"https:\/\/www.culture.gov.sk\/\">Ministerstva kult\u00fary SR<\/a>&nbsp;a&nbsp;<a href=\"https:\/\/www.justice.gov.sk\/\">Ministerstva spravodlivosti SR<\/a>&nbsp;v r\u00e1mci dota\u010dn\u00e9ho programu na presadzovanie, podporu a ochranu \u013eudsk\u00fdch pr\u00e1v a slob\u00f4d a na predch\u00e1dzanie v\u0161etk\u00fdm form\u00e1m diskrimin\u00e1cie, rasizmu, xenof\u00f3bie, antisemitizmu a ostatn\u00fdm form\u00e1m intolerancie.<\/p>\n\n\n\n<p>Z verejn\u00fdch zdrojov podporil&nbsp;<a href=\"https:\/\/www.fpu.sk\/sk\/\">Fond na podporu umenia<\/a>,&nbsp;<a href=\"https:\/\/nadaciamesta.bratislava.sk\/\">Nad\u00e1cia mesta Bratislava<\/a>&nbsp;a&nbsp;<a href=\"https:\/\/bratislavskykraj.sk\/\">Bratislavsk\u00fd samospr\u00e1vny kraj<\/a>.<\/p>\n","protected":false},"excerpt":{"rendered":"<p>Poch\u00e1dza z Oravy, do Bratislavy sa pres\u0165ahoval v \u010dase, ke\u010f si za\u010dal uvedomova\u0165 svoju identitu. Moder\u00e1tora Ras\u0165a Ilieva od detstva bavila m\u00f3da, sn\u00edval, \u017ee bude hviezdou na runway. Do m\u00e9di\u00ed <a href=\"https:\/\/duhovyrok.sk\/tepla-vlna\/2023\/10\/18\/tepla-vlna-v-idealnom-svete-by-sme-coming-out-nepotrebovali-vravi-moderator-iliev\/\" class=\"more-link\">&#8230;<\/a><\/p>\n","protected":false},"author":9,"featured_media":2085,"comment_status":"closed","ping_status":"open","sticky":false,"template":"","format":"standard","meta":{"footnotes":""},"categories":[3,2],"tags":[93,99,61,203,235,234,5],"class_list":["post-2083","post","type-post","status-publish","format-standard","has-post-thumbnail","hentry","category-novinky","category-tepla-vlna","tag-comingout","tag-from-tepla-vlna","tag-marek-hudec","tag-matus-a-juraj","tag-moderator","tag-rastislav-iliev","tag-tepla-vlna"],"_links":{"self":[{"href":"https:\/\/duhovyrok.sk\/tepla-vlna\/wp-json\/wp\/v2\/posts\/2083","targetHints":{"allow":["GET"]}}],"collection":[{"href":"https:\/\/duhovyrok.sk\/tepla-vlna\/wp-json\/wp\/v2\/posts"}],"about":[{"href":"https:\/\/duhovyrok.sk\/tepla-vlna\/wp-json\/wp\/v2\/types\/post"}],"author":[{"embeddable":true,"href":"https:\/\/duhovyrok.sk\/tepla-vlna\/wp-json\/wp\/v2\/users\/9"}],"replies":[{"embeddable":true,"href":"https:\/\/duhovyrok.sk\/tepla-vlna\/wp-json\/wp\/v2\/comments?post=2083"}],"version-history":[{"count":3,"href":"https:\/\/duhovyrok.sk\/tepla-vlna\/wp-json\/wp\/v2\/posts\/2083\/revisions"}],"predecessor-version":[{"id":2088,"href":"https:\/\/duhovyrok.sk\/tepla-vlna\/wp-json\/wp\/v2\/posts\/2083\/revisions\/2088"}],"wp:featuredmedia":[{"embeddable":true,"href":"https:\/\/duhovyrok.sk\/tepla-vlna\/wp-json\/wp\/v2\/media\/2085"}],"wp:attachment":[{"href":"https:\/\/duhovyrok.sk\/tepla-vlna\/wp-json\/wp\/v2\/media?parent=2083"}],"wp:term":[{"taxonomy":"category","embeddable":true,"href":"https:\/\/duhovyrok.sk\/tepla-vlna\/wp-json\/wp\/v2\/categories?post=2083"},{"taxonomy":"post_tag","embeddable":true,"href":"https:\/\/duhovyrok.sk\/tepla-vlna\/wp-json\/wp\/v2\/tags?post=2083"}],"curies":[{"name":"wp","href":"https:\/\/api.w.org\/{rel}","templated":true}]}}