{"id":2079,"date":"2023-10-11T11:34:46","date_gmt":"2023-10-11T09:34:46","guid":{"rendered":"https:\/\/duhovyrok.sk\/tepla-vlna\/?p=2079"},"modified":"2023-10-11T11:35:08","modified_gmt":"2023-10-11T09:35:08","slug":"tepla-vlna-otazka-bezpecnosti-sa-tyka-vsetkych-nielen-lgbti-ludi-vravi-eva-habankova","status":"publish","type":"post","link":"https:\/\/duhovyrok.sk\/tepla-vlna\/2023\/10\/11\/tepla-vlna-otazka-bezpecnosti-sa-tyka-vsetkych-nielen-lgbti-ludi-vravi-eva-habankova\/","title":{"rendered":"Tepl\u00e1 vlna: Ot\u00e1zka bezpe\u010dnosti sa t\u00fdka v\u0161etk\u00fdch, nielen LGBTI+ \u013eud\u00ed, vrav\u00ed Eva Hab\u00e1nkov\u00e1"},"content":{"rendered":"\n<p>Eva Hab\u00e1nkov\u00e1 je programovou koordin\u00e1torkou iniciat\u00edvy Ide n\u00e1m o&nbsp;\u017eivot.<br>Vznikla ako reakcia po teroristickom \u00fatok pred Tepl\u00e1r\u0148ou, pri ktorom zahynuli Mat\u00fa\u0161 a Juraj. Eva pom\u00e1hala aj v&nbsp;iniciat\u00edve Pom\u00e1hame&nbsp;Ukrajine. Pre&nbsp;Evu je \u017eivot LGBTI+ men\u0161iny v&nbsp;krajine z\u00e1sadn\u00e1 ot\u00e1zka \u013eudsk\u00fdch pr\u00e1v.&nbsp;<\/p>\n\n\n\n<p>Cie\u013eom iniciat\u00edvy teda bolo sformulova\u0165&nbsp;po\u017eiadavky LGBTI+ \u013eud\u00ed, ktor\u00e9 boli dlhodobo v&nbsp;na\u0161ej spolo\u010dnosti prehliadan\u00e9 a&nbsp;viedli&nbsp;k&nbsp;tejto tragickej udalosti. Obsahovala v\u00fdzvu politikom a&nbsp;politi\u010dk\u00e1m, ale dala aj n\u00e1vody&nbsp;r\u00f4znych in\u0161tit\u00faci\u00e1m ako vytvori\u0165 bezpe\u010dn\u00e9 miesto aj pre LGBTI+ \u013eud\u00ed. Za\u010diatky boli&nbsp;emo\u010dne n\u00e1ro\u010dne, situ\u00e1cia \u0161okuj\u00faca a t\u00ed ktor\u00ed ch\u00e1pali v\u00e1\u017enos\u0165 situ\u00e1cie, c\u00edtili, \u017ee treba nie\u010do robi\u0165.&nbsp;<\/p>\n\n\n\n<p>Aktivisti, s\u00fakromn\u00fd sektor, LGBTI+ \u013eudia si sadli za jeden a jej&nbsp;\u00falohou sa stalo koordinova\u0165 akt\u00e9rov. Vo v\u00fdzve vyzbierali 35000 podpisov. Za\u010diatky boli emo\u010dne n\u00e1ro\u010dne, situ\u00e1cia \u0161okuj\u00faca.&nbsp;Aktivisti, s\u00fakromn\u00fd sektor, LGBTI+ \u013eudia si sadli za jeden a jej&nbsp;\u00falohou sa stalo koordinova\u0165 akt\u00e9rov. V s\u00fa\u010dasnosti spolupracuj\u00fa s ve\u013ek\u00fdmi firmami, ale aj in\u0161tit\u00faciami, \u0161kolami, \u0161t\u00e1tnou spr\u00e1vou.&nbsp;<\/p>\n\n\n\n<p>Rozpr\u00e1vali sme sa o&nbsp;tom ako sa dostala k&nbsp;iniciat\u00edve Ide n\u00e1m o&nbsp;\u017eivot, pre\u010do sa ako&nbsp;spojenky\u0148a LGBTI+ \u013eud\u00ed c\u00edtila potrebu zapoji\u0165 sa? Predstavila ciele iniciat\u00edvy a&nbsp;kto&nbsp;v\u0161etko sa m\u00f4\u017ee zapoji\u0165. \u010co sa im doteraz podarilo? Ak\u00e9 boli reakcie, \u010di aj hejty&nbsp;za\u017eila? A&nbsp;\u010do by odk\u00e1zala LGBTI+ \u013eu\u010fom na Slovensku?<\/p>\n\n\n\n<p>Aktu\u00e1lny diel Teplej vlny si m\u00f4\u017eete pozrie\u0165 ni\u017e\u0161ie na&nbsp;<a href=\"https:\/\/www.youtube.com\/watch?v=QNI94AX62jw\" data-type=\"link\" data-id=\"https:\/\/www.youtube.com\/watch?v=QNI94AX62jw\">YouTube<\/a>&nbsp;alebo podcastov\u00fdch platform\u00e1ch&nbsp;<a href=\"https:\/\/podcasty.sme.sk\/c\/23230235\/tepla-vlna-otazka-bezpecnosti-sa-tyka-vsetkych-nielen-lgbti-ludi-vravi-eva-habankova.html\" data-type=\"link\" data-id=\"https:\/\/podcasty.sme.sk\/c\/23230235\/tepla-vlna-otazka-bezpecnosti-sa-tyka-vsetkych-nielen-lgbti-ludi-vravi-eva-habankova.html\">SME<\/a>,&nbsp;Spotify,&nbsp;<a href=\"https:\/\/duhovyrok.podbean.com\/e\/tepla-vlna-otazka-bezpecnosti-sa-tyka-vsetkych-nielen-lgbti-ludi-vravi-eva-habankova\/?fbclid=IwAR1Gbu2DsVo9miCN2DeHPvK23YTBbAPpQrWEy4NFSAPEI5Uewu_xLAMpaC0\" data-type=\"link\" data-id=\"https:\/\/duhovyrok.podbean.com\/e\/tepla-vlna-otazka-bezpecnosti-sa-tyka-vsetkych-nielen-lgbti-ludi-vravi-eva-habankova\/?fbclid=IwAR1Gbu2DsVo9miCN2DeHPvK23YTBbAPpQrWEy4NFSAPEI5Uewu_xLAMpaC0\">PodBean<\/a>&nbsp;alebo&nbsp;Apple Podcasts.<\/p>\n\n\n\n<figure class=\"wp-block-embed is-type-video is-provider-youtube wp-block-embed-youtube wp-embed-aspect-16-9 wp-has-aspect-ratio\"><div class=\"wp-block-embed__wrapper\">\n<iframe loading=\"lazy\" title=\"Tepl\u00e1 vlna: Ot\u00e1zka bezpe\u010dnosti sa t\u00fdka v\u0161etk\u00fdch, nielen LGBTI+ \u013eud\u00ed, vrav\u00ed Eva Hab\u00e1nkov\u00e1\" width=\"1778\" height=\"1000\" src=\"https:\/\/www.youtube.com\/embed\/QNI94AX62jw?feature=oembed\" frameborder=\"0\" allow=\"accelerometer; autoplay; clipboard-write; encrypted-media; gyroscope; picture-in-picture; web-share\" allowfullscreen><\/iframe>\n<\/div><\/figure>\n\n\n\n<p>Tepl\u00e1 vlna je podcast Divadla NOMANTINELS, v ktorom sa rozpr\u00e1vame so zauj\u00edmav\u00fdmi osobnos\u0165ami a \u013eu\u010fmi zo slovenskej queer komunity o ich \u017eivote, in\u0161pirat\u00edvnych veciach, ktor\u00fdmi sa zaoberaj\u00fa a odvahe, ktor\u00e1 im pomohla prekona\u0165 predsudky okolia. Rozhovory moderuje Andrej Kuruc, Marek Hudec a Liberty Blake Simon. Epiz\u00f3du sme nahr\u00e1vali v lete.<\/p>\n\n\n\n<p>Realizovan\u00e9 s finan\u010dnou podporou&nbsp;<a href=\"https:\/\/www.culture.gov.sk\/\">Ministerstva kult\u00fary SR<\/a>&nbsp;a&nbsp;<a href=\"https:\/\/www.justice.gov.sk\/\">Ministerstva spravodlivosti SR<\/a>&nbsp;v r\u00e1mci dota\u010dn\u00e9ho programu na presadzovanie, podporu a ochranu \u013eudsk\u00fdch pr\u00e1v a slob\u00f4d a na predch\u00e1dzanie v\u0161etk\u00fdm form\u00e1m diskrimin\u00e1cie, rasizmu, xenof\u00f3bie, antisemitizmu a ostatn\u00fdm form\u00e1m intolerancie.<\/p>\n\n\n\n<p>Z verejn\u00fdch zdrojov podporil&nbsp;<a href=\"https:\/\/www.fpu.sk\/sk\/\">Fond na podporu umenia<\/a>,&nbsp;<a href=\"https:\/\/nadaciamesta.bratislava.sk\/\">Nad\u00e1cia mesta Bratislava<\/a>&nbsp;a&nbsp;<a href=\"https:\/\/bratislavskykraj.sk\/\">Bratislavsk\u00fd samospr\u00e1vny kraj<\/a>.<\/p>\n","protected":false},"excerpt":{"rendered":"<p>Eva Hab\u00e1nkov\u00e1 je programovou koordin\u00e1torkou iniciat\u00edvy Ide n\u00e1m o&nbsp;\u017eivot.Vznikla ako reakcia po teroristickom \u00fatok pred Tepl\u00e1r\u0148ou, pri ktorom zahynuli Mat\u00fa\u0161 a Juraj. Eva pom\u00e1hala aj v&nbsp;iniciat\u00edve Pom\u00e1hame&nbsp;Ukrajine. Pre&nbsp;Evu je \u017eivot <a href=\"https:\/\/duhovyrok.sk\/tepla-vlna\/2023\/10\/11\/tepla-vlna-otazka-bezpecnosti-sa-tyka-vsetkych-nielen-lgbti-ludi-vravi-eva-habankova\/\" class=\"more-link\">&#8230;<\/a><\/p>\n","protected":false},"author":2,"featured_media":2080,"comment_status":"closed","ping_status":"open","sticky":false,"template":"","format":"standard","meta":{"footnotes":""},"categories":[3,2],"tags":[18,233,232,99,231,4,5],"class_list":["post-2079","post","type-post","status-publish","format-standard","has-post-thumbnail","hentry","category-novinky","category-tepla-vlna","tag-andrej-kuruc","tag-bezpecnost","tag-eva-habankova","tag-from-tepla-vlna","tag-ide-nam-o-zivot","tag-podcast","tag-tepla-vlna"],"_links":{"self":[{"href":"https:\/\/duhovyrok.sk\/tepla-vlna\/wp-json\/wp\/v2\/posts\/2079","targetHints":{"allow":["GET"]}}],"collection":[{"href":"https:\/\/duhovyrok.sk\/tepla-vlna\/wp-json\/wp\/v2\/posts"}],"about":[{"href":"https:\/\/duhovyrok.sk\/tepla-vlna\/wp-json\/wp\/v2\/types\/post"}],"author":[{"embeddable":true,"href":"https:\/\/duhovyrok.sk\/tepla-vlna\/wp-json\/wp\/v2\/users\/2"}],"replies":[{"embeddable":true,"href":"https:\/\/duhovyrok.sk\/tepla-vlna\/wp-json\/wp\/v2\/comments?post=2079"}],"version-history":[{"count":2,"href":"https:\/\/duhovyrok.sk\/tepla-vlna\/wp-json\/wp\/v2\/posts\/2079\/revisions"}],"predecessor-version":[{"id":2082,"href":"https:\/\/duhovyrok.sk\/tepla-vlna\/wp-json\/wp\/v2\/posts\/2079\/revisions\/2082"}],"wp:featuredmedia":[{"embeddable":true,"href":"https:\/\/duhovyrok.sk\/tepla-vlna\/wp-json\/wp\/v2\/media\/2080"}],"wp:attachment":[{"href":"https:\/\/duhovyrok.sk\/tepla-vlna\/wp-json\/wp\/v2\/media?parent=2079"}],"wp:term":[{"taxonomy":"category","embeddable":true,"href":"https:\/\/duhovyrok.sk\/tepla-vlna\/wp-json\/wp\/v2\/categories?post=2079"},{"taxonomy":"post_tag","embeddable":true,"href":"https:\/\/duhovyrok.sk\/tepla-vlna\/wp-json\/wp\/v2\/tags?post=2079"}],"curies":[{"name":"wp","href":"https:\/\/api.w.org\/{rel}","templated":true}]}}