{"id":2061,"date":"2023-09-27T12:06:13","date_gmt":"2023-09-27T10:06:13","guid":{"rendered":"https:\/\/duhovyrok.sk\/tepla-vlna\/?p=2061"},"modified":"2023-09-29T12:08:59","modified_gmt":"2023-09-29T10:08:59","slug":"tepla-vlna-boj-za-prava-lgbti-ludi-je-u-nas-zivotnou-potrebou-preto-je-tazke-nevyhoriet-vravi-niko-nagy","status":"publish","type":"post","link":"https:\/\/duhovyrok.sk\/tepla-vlna\/2023\/09\/27\/tepla-vlna-boj-za-prava-lgbti-ludi-je-u-nas-zivotnou-potrebou-preto-je-tazke-nevyhoriet-vravi-niko-nagy\/","title":{"rendered":"Tepl\u00e1\u00a0vlna: V LGBTI+ aktivizme \u013eudia r\u00fdchlo vyhoria, no je to \u017eivotn\u00e1 potreba, vrav\u00ed Niko Nagy"},"content":{"rendered":"\n<p>S aktivizmom sa nebin\u00e1rna osoba Niko Nagy prv\u00fd raz stretla v Holandsku. \u0160kola, na ktorej Niko p\u00f4sobilo, bola cel\u00e1 zameran\u00e1 na akt\u00edvne ob\u010dianstvo, no \u010dasto \u0161lo o \u010dinnosti vo vo\u013enom \u010dase. Ke\u010f sa Niko vr\u00e1tilo na Slovensku, zistilo, \u017ee u n\u00e1s je boj za pr\u00e1va queer \u013eud\u00ed n\u00e1ro\u010dnej\u0161\u00ed, preto\u017ee je existen\u010dnou potrebou. \u013dudia v slovenskom LGBTI+ aktivizme \u010dasto nevydr\u017eia dlh\u0161ie ne\u017e p\u00e1r rokov a Niko sa tie\u017e z\u00fa\u010dast\u0148uje \u0161kolen\u00ed proti vyhoreniu.<\/p>\n\n\n\n<p>P\u00f4sob\u00ed vo viacer\u00fdch organiz\u00e1ci\u00e1ch.&nbsp;\u0160tudentsk\u00fd spolok&nbsp;LIGHT*, v ktorom Niko Nagy p\u00f4sob\u00ed, pripravoval nieko\u013eko v\u00fdznamn\u00fdch protestov po vra\u017ede Juraja a Mat\u00fa\u0161a. Niko sa&nbsp;zaober\u00e1 aj t\u00e9mou sexu\u00e1lneho vzdel\u00e1vania, pracuje v \u013eudskopr\u00e1vnej organiz\u00e1cii. Ako nach\u00e1dza motiv\u00e1ciu pokra\u010dova\u0165 napriek bezn\u00e1dejne p\u00f4sobiacej situ\u00e1cii? Ako si uvedomilo svoju rodov\u00fa identitu a ako to s\u00faviselo s vystupovan\u00edm vo folkl\u00f3rnom s\u00fabore?&nbsp;<\/p>\n\n\n\n<p>Nov\u00fd diel Teplej vlny si m\u00f4\u017eete pozrie\u0165 ni\u017e\u0161ie na&nbsp;<a href=\"https:\/\/www.youtube.com\/watch?v=b21VvaB4F5k\" data-type=\"link\" data-id=\"https:\/\/www.youtube.com\/watch?v=b21VvaB4F5k\">YouTube<\/a>&nbsp;alebo podcastov\u00fdch platform\u00e1ch&nbsp;<a href=\"https:\/\/podcasty.sme.sk\/c\/23221121\/tepla-vlna-v-lgbti-aktivizme-ludia-rychlo-vyhoria-no-je-to-zivotna-potreba-vravi-niko-nagy.html\" data-type=\"link\" data-id=\"https:\/\/podcasty.sme.sk\/c\/23221121\/tepla-vlna-v-lgbti-aktivizme-ludia-rychlo-vyhoria-no-je-to-zivotna-potreba-vravi-niko-nagy.html\">SME<\/a>,&nbsp;<a href=\"https:\/\/open.spotify.com\/episode\/4GIQjIXc8BzBnWEfhbWHHD?si=7d56d5cb29504324\" data-type=\"link\" data-id=\"https:\/\/open.spotify.com\/episode\/4GIQjIXc8BzBnWEfhbWHHD?si=7d56d5cb29504324\">Spotify<\/a>,&nbsp;<a href=\"https:\/\/www.podbean.com\/ew\/pb-fpeki-14b39e6\" data-type=\"link\" data-id=\"https:\/\/www.podbean.com\/ew\/pb-fpeki-14b39e6\">PodBean<\/a>&nbsp;alebo&nbsp;<a href=\"https:\/\/podcasts.apple.com\/sk\/podcast\/v-lgbti-aktivizme-%C4%BEudia-r%C3%BDchlo-vyhoria-no-je-to-%C5%BEivotn%C3%A1\/id1507703606?i=1000629299517\" data-type=\"link\" data-id=\"https:\/\/podcasts.apple.com\/sk\/podcast\/v-lgbti-aktivizme-%C4%BEudia-r%C3%BDchlo-vyhoria-no-je-to-%C5%BEivotn%C3%A1\/id1507703606?i=1000629299517\">Apple Podcasts<\/a>.<\/p>\n\n\n\n<figure class=\"wp-block-embed is-type-video is-provider-youtube wp-block-embed-youtube wp-embed-aspect-16-9 wp-has-aspect-ratio\"><div class=\"wp-block-embed__wrapper\">\n<iframe loading=\"lazy\" title=\"Tepl\u00e1 vlna: V LGBTI+ aktivizme \u013eudia r\u00fdchlo vyhoria, no je to \u017eivotn\u00e1 potreba, vrav\u00ed Niko Nagy\" width=\"1778\" height=\"1000\" src=\"https:\/\/www.youtube.com\/embed\/b21VvaB4F5k?feature=oembed\" frameborder=\"0\" allow=\"accelerometer; autoplay; clipboard-write; encrypted-media; gyroscope; picture-in-picture; web-share\" allowfullscreen><\/iframe>\n<\/div><\/figure>\n\n\n\n<p>Tepl\u00e1&nbsp;vlna&nbsp;je podcast Divadla NOMANTINELS, v ktorom sa rozpr\u00e1vame so zauj\u00edmav\u00fdmi osobnos\u0165ami a \u013eu\u010fmi zo slovenskej queer komunity o ich \u017eivote, in\u0161pirat\u00edvnych veciach, ktor\u00fdmi sa zaoberaj\u00fa a odvahe, ktor\u00e1 im pomohla prekona\u0165 predsudky okolia. Rozhovory moderuje Andrej Kuruc, Marek&nbsp;Hudec&nbsp;a Liberty Blake Simon. Epiz\u00f3du sme nahr\u00e1vali v lete.<\/p>\n","protected":false},"excerpt":{"rendered":"<p>S aktivizmom sa nebin\u00e1rna osoba Niko Nagy prv\u00fd raz stretla v Holandsku. \u0160kola, na ktorej Niko p\u00f4sobilo, bola cel\u00e1 zameran\u00e1 na akt\u00edvne ob\u010dianstvo, no \u010dasto \u0161lo o \u010dinnosti vo vo\u013enom <a href=\"https:\/\/duhovyrok.sk\/tepla-vlna\/2023\/09\/27\/tepla-vlna-boj-za-prava-lgbti-ludi-je-u-nas-zivotnou-potrebou-preto-je-tazke-nevyhoriet-vravi-niko-nagy\/\" class=\"more-link\">&#8230;<\/a><\/p>\n","protected":false},"author":9,"featured_media":2062,"comment_status":"closed","ping_status":"open","sticky":false,"template":"","format":"standard","meta":{"footnotes":""},"categories":[3,2],"tags":[112,99,61,224,4,23,5],"class_list":["post-2061","post","type-post","status-publish","format-standard","has-post-thumbnail","hentry","category-novinky","category-tepla-vlna","tag-aktivizmus","tag-from-tepla-vlna","tag-marek-hudec","tag-niko-nagy","tag-podcast","tag-queer","tag-tepla-vlna"],"_links":{"self":[{"href":"https:\/\/duhovyrok.sk\/tepla-vlna\/wp-json\/wp\/v2\/posts\/2061","targetHints":{"allow":["GET"]}}],"collection":[{"href":"https:\/\/duhovyrok.sk\/tepla-vlna\/wp-json\/wp\/v2\/posts"}],"about":[{"href":"https:\/\/duhovyrok.sk\/tepla-vlna\/wp-json\/wp\/v2\/types\/post"}],"author":[{"embeddable":true,"href":"https:\/\/duhovyrok.sk\/tepla-vlna\/wp-json\/wp\/v2\/users\/9"}],"replies":[{"embeddable":true,"href":"https:\/\/duhovyrok.sk\/tepla-vlna\/wp-json\/wp\/v2\/comments?post=2061"}],"version-history":[{"count":4,"href":"https:\/\/duhovyrok.sk\/tepla-vlna\/wp-json\/wp\/v2\/posts\/2061\/revisions"}],"predecessor-version":[{"id":2072,"href":"https:\/\/duhovyrok.sk\/tepla-vlna\/wp-json\/wp\/v2\/posts\/2061\/revisions\/2072"}],"wp:featuredmedia":[{"embeddable":true,"href":"https:\/\/duhovyrok.sk\/tepla-vlna\/wp-json\/wp\/v2\/media\/2062"}],"wp:attachment":[{"href":"https:\/\/duhovyrok.sk\/tepla-vlna\/wp-json\/wp\/v2\/media?parent=2061"}],"wp:term":[{"taxonomy":"category","embeddable":true,"href":"https:\/\/duhovyrok.sk\/tepla-vlna\/wp-json\/wp\/v2\/categories?post=2061"},{"taxonomy":"post_tag","embeddable":true,"href":"https:\/\/duhovyrok.sk\/tepla-vlna\/wp-json\/wp\/v2\/tags?post=2061"}],"curies":[{"name":"wp","href":"https:\/\/api.w.org\/{rel}","templated":true}]}}