{"id":2040,"date":"2023-09-13T19:50:00","date_gmt":"2023-09-13T17:50:00","guid":{"rendered":"https:\/\/duhovyrok.sk\/tepla-vlna\/?p=2040"},"modified":"2023-09-14T14:09:31","modified_gmt":"2023-09-14T12:09:31","slug":"tepla-vlna-uz-nezijem-dva-zivoty-vravi-radka-po-utoku-na-teplaren","status":"publish","type":"post","link":"https:\/\/duhovyrok.sk\/tepla-vlna\/2023\/09\/13\/tepla-vlna-uz-nezijem-dva-zivoty-vravi-radka-po-utoku-na-teplaren\/","title":{"rendered":"Tepl\u00e1\u00a0vlna: U\u017e ne\u017eijem dva \u017eivoty, vrav\u00ed Radka po \u00fatoku na Tepl\u00e1re\u0148"},"content":{"rendered":"\n<p>Od teroristick\u00e9ho \u00fatoku, po\u010das ktorej zahynuli pred Tepl\u00e1r\u0148ou Juraj Vankuli\u010d a Mat\u00fa\u0161 Horv\u00e1th, \u010doskoro uplynie rok. Stre\u013ebu pre\u017eila ich kamar\u00e1tka Radka Trok\u0161iarov\u00e1, ktor\u00e1 sa nez\u013eakla a odv\u00e1\u017ene hovor\u00ed o svojej identite.&nbsp;Malo to jeden pozit\u00edvny v\u00fdsledok, u\u017e ne\u017eijem dva \u017eivoty, vrav\u00ed.<\/p>\n\n\n\n<p>Ako sa jej vyrastalo v Kremnici? Ako h\u013eadala sam\u00fa seba a za\u010dala stret\u00e1va\u0165 prv\u00fdch \u010fal\u0161\u00edch queer \u013eud\u00ed? Ako si spom\u00edna na Juraja a Mat\u00fa\u0161a a ak\u00e9 to je dosta\u0165 sa ne\u010dakane do pozornosti m\u00e9di\u00ed? Pre\u010do je pre \u0148u d\u00f4le\u017eit\u00e9 \u010falej bojova\u0165?<\/p>\n\n\n\n<p>Nov\u00fd diel Teplej vlny si m\u00f4\u017eete pozrie\u0165 ni\u017e\u0161ie na <a href=\"https:\/\/youtu.be\/2SE9PEd28aw?si=5pj1OyBdtI--nKnH\" data-type=\"link\" data-id=\"https:\/\/youtu.be\/2SE9PEd28aw?si=5pj1OyBdtI--nKnH\">YouTube<\/a>&nbsp;alebo podcastov\u00fdch platform\u00e1ch&nbsp;<a href=\"https:\/\/podcasty.sme.sk\/c\/23215685\/tepla-vlna-uz-nezijem-dva-zivoty-vravi-radka-po-utoku-na-teplaren.html\" data-type=\"link\" data-id=\"https:\/\/podcasty.sme.sk\/c\/23215685\/tepla-vlna-uz-nezijem-dva-zivoty-vravi-radka-po-utoku-na-teplaren.html\">SME<\/a>,&nbsp;<a href=\"https:\/\/open.spotify.com\/episode\/3JglDYtVGOU6Gk2zWWiDcS?si=c478e94c77044c18\" data-type=\"link\" data-id=\"https:\/\/open.spotify.com\/episode\/3JglDYtVGOU6Gk2zWWiDcS?si=c478e94c77044c18\">Spotify<\/a>,&nbsp;<a href=\"https:\/\/www.podbean.com\/ew\/pb-n2yii-14a4e02\" data-type=\"link\" data-id=\"https:\/\/www.podbean.com\/ew\/pb-n2yii-14a4e02\">PodBean<\/a>&nbsp;alebo&nbsp;<a href=\"https:\/\/podcasts.apple.com\/sk\/podcast\/u%C5%BE-ne%C5%BEijem-dva-%C5%BEivoty-vrav%C3%AD-radka-po-%C3%BAtoku-na-tepl%C3%A1re%C5%88\/id1507703606?i=1000627696268\" data-type=\"link\" data-id=\"https:\/\/podcasts.apple.com\/sk\/podcast\/u%C5%BE-ne%C5%BEijem-dva-%C5%BEivoty-vrav%C3%AD-radka-po-%C3%BAtoku-na-tepl%C3%A1re%C5%88\/id1507703606?i=1000627696268\">Apple Podcasts<\/a>.<\/p>\n\n\n\n<figure class=\"wp-block-embed is-type-video is-provider-youtube wp-block-embed-youtube wp-embed-aspect-16-9 wp-has-aspect-ratio\"><div class=\"wp-block-embed__wrapper\">\n<iframe loading=\"lazy\" title=\"Tepl\u00e1 vlna: U\u017e ne\u017eijem dva \u017eivoty, vrav\u00ed Radka po \u00fatoku na Tepl\u00e1re\u0148\" width=\"1778\" height=\"1000\" src=\"https:\/\/www.youtube.com\/embed\/2SE9PEd28aw?feature=oembed\" frameborder=\"0\" allow=\"accelerometer; autoplay; clipboard-write; encrypted-media; gyroscope; picture-in-picture; web-share\" allowfullscreen><\/iframe>\n<\/div><\/figure>\n\n\n\n<p>Tepl\u00e1 vlna je podcast Divadla NOMANTINELS, v ktorom sa rozpr\u00e1vame so zauj\u00edmav\u00fdmi osobnos\u0165ami a \u013eu\u010fmi zo slovenskej queer komunity o ich \u017eivote, in\u0161pirat\u00edvnych veciach, ktor\u00fdmi sa zaoberaj\u00fa a odvahe, ktor\u00e1 im pomohla prekona\u0165 predsudky okolia. Rozhovory moderuje Andrej Kuruc a Marek Hudec a Liberty Blake Simon. Epiz\u00f3du sme nahr\u00e1vali na\u017eivo v j\u00fali.<\/p>\n\n\n\n<p>Realizovan\u00e9 s finan\u010dnou&nbsp;podporou&nbsp;<a href=\"https:\/\/www.culture.gov.sk\/\">Ministerstva kult\u00fary SR<\/a>&nbsp;a&nbsp;<a href=\"https:\/\/www.justice.gov.sk\/\">Ministerstva spravodlivosti SR<\/a>&nbsp;v r\u00e1mci dota\u010dn\u00e9ho programu na presadzovanie, podporu a ochranu \u013eudsk\u00fdch pr\u00e1v a slob\u00f4d a na predch\u00e1dzanie v\u0161etk\u00fdm form\u00e1m diskrimin\u00e1cie, rasizmu, xenof\u00f3bie, antisemitizmu a ostatn\u00fdm form\u00e1m intolerancie.<\/p>\n\n\n\n<p>Z verejn\u00fdch zdrojov podporil&nbsp;<a href=\"https:\/\/www.fpu.sk\/sk\/\">Fond na podporu umenia<\/a>,&nbsp;<a href=\"https:\/\/nadaciamesta.bratislava.sk\/\">Nad\u00e1cia mesta Bratislava<\/a>&nbsp;a&nbsp;<a href=\"https:\/\/bratislavskykraj.sk\/\">Bratislavsk\u00fd samospr\u00e1vny kraj<\/a>.&nbsp;<\/p>\n","protected":false},"excerpt":{"rendered":"<p>Od teroristick\u00e9ho \u00fatoku, po\u010das ktorej zahynuli pred Tepl\u00e1r\u0148ou Juraj Vankuli\u010d a Mat\u00fa\u0161 Horv\u00e1th, \u010doskoro uplynie rok. Stre\u013ebu pre\u017eila ich kamar\u00e1tka Radka Trok\u0161iarov\u00e1, ktor\u00e1 sa nez\u013eakla a odv\u00e1\u017ene hovor\u00ed o svojej <a href=\"https:\/\/duhovyrok.sk\/tepla-vlna\/2023\/09\/13\/tepla-vlna-uz-nezijem-dva-zivoty-vravi-radka-po-utoku-na-teplaren\/\" class=\"more-link\">&#8230;<\/a><\/p>\n","protected":false},"author":9,"featured_media":2050,"comment_status":"closed","ping_status":"open","sticky":false,"template":"","format":"standard","meta":{"footnotes":""},"categories":[3,2],"tags":[99,61,4,221,5,202],"class_list":["post-2040","post","type-post","status-publish","format-standard","has-post-thumbnail","hentry","category-novinky","category-tepla-vlna","tag-from-tepla-vlna","tag-marek-hudec","tag-podcast","tag-radka-troksiarova","tag-tepla-vlna","tag-teplaren"],"_links":{"self":[{"href":"https:\/\/duhovyrok.sk\/tepla-vlna\/wp-json\/wp\/v2\/posts\/2040","targetHints":{"allow":["GET"]}}],"collection":[{"href":"https:\/\/duhovyrok.sk\/tepla-vlna\/wp-json\/wp\/v2\/posts"}],"about":[{"href":"https:\/\/duhovyrok.sk\/tepla-vlna\/wp-json\/wp\/v2\/types\/post"}],"author":[{"embeddable":true,"href":"https:\/\/duhovyrok.sk\/tepla-vlna\/wp-json\/wp\/v2\/users\/9"}],"replies":[{"embeddable":true,"href":"https:\/\/duhovyrok.sk\/tepla-vlna\/wp-json\/wp\/v2\/comments?post=2040"}],"version-history":[{"count":6,"href":"https:\/\/duhovyrok.sk\/tepla-vlna\/wp-json\/wp\/v2\/posts\/2040\/revisions"}],"predecessor-version":[{"id":2056,"href":"https:\/\/duhovyrok.sk\/tepla-vlna\/wp-json\/wp\/v2\/posts\/2040\/revisions\/2056"}],"wp:featuredmedia":[{"embeddable":true,"href":"https:\/\/duhovyrok.sk\/tepla-vlna\/wp-json\/wp\/v2\/media\/2050"}],"wp:attachment":[{"href":"https:\/\/duhovyrok.sk\/tepla-vlna\/wp-json\/wp\/v2\/media?parent=2040"}],"wp:term":[{"taxonomy":"category","embeddable":true,"href":"https:\/\/duhovyrok.sk\/tepla-vlna\/wp-json\/wp\/v2\/categories?post=2040"},{"taxonomy":"post_tag","embeddable":true,"href":"https:\/\/duhovyrok.sk\/tepla-vlna\/wp-json\/wp\/v2\/tags?post=2040"}],"curies":[{"name":"wp","href":"https:\/\/api.w.org\/{rel}","templated":true}]}}