{"id":2038,"date":"2023-09-06T12:01:06","date_gmt":"2023-09-06T10:01:06","guid":{"rendered":"https:\/\/duhovyrok.sk\/tepla-vlna\/?p=2038"},"modified":"2023-09-07T17:57:52","modified_gmt":"2023-09-07T15:57:52","slug":"tepla-vlna-na-slovensku-sa-bojime-zobrazovat-lgbti-ludi-v-serialoch-vravi-peter-bebjak","status":"publish","type":"post","link":"https:\/\/duhovyrok.sk\/tepla-vlna\/2023\/09\/06\/tepla-vlna-na-slovensku-sa-bojime-zobrazovat-lgbti-ludi-v-serialoch-vravi-peter-bebjak\/","title":{"rendered":"Tepl\u00e1\u00a0vlna: Na Slovensku sa boj\u00edme zobrazova\u0165 LGBTI+ \u013eud\u00ed v seri\u00e1loch, vrav\u00ed Peter Bebjak"},"content":{"rendered":"\n<p>Zn\u00e1my re\u017eis\u00e9r Peter Bebjak pravidelne pri preberan\u00ed svojich cien \u010fakuje svojmu partnerovi, v\u00fdtvarn\u00e9mu umelcovi Andrejovi D\u00fabravsk\u00e9mu. Je jednou z&nbsp;m\u00e1la filmov\u00fdch osobnost\u00ed, ktor\u00e1 verejne rozpr\u00e1va o&nbsp;svojej orient\u00e1cii. Z\u00e1rove\u0148 s\u00fa queer vz\u0165ahy a&nbsp;t\u00e9my aj s\u00fa\u010das\u0165ou jeho filmovej a&nbsp;seri\u00e1lovej tvorby, \u010d\u00edm sa sna\u017e\u00ed kultivova\u0165 spolo\u010densk\u00e9 prostredie. Pre \u010cesk\u00fa telev\u00edziu nato\u010dil minis\u00e9riu Herec, ktorej hlavnou postavou bol gej.&nbsp;<\/p>\n\n\n\n<p>Ako vyzeral jeho osobn\u00fd coming out v&nbsp;90-tych rokoch na dedine? Pre\u010do je pre neho d\u00f4le\u017eit\u00e9 &nbsp;verejne vystupova\u0165 ako gej? Ak\u00e9 queer t\u00e9my sa objavili v&nbsp;jeho tvorbe?&nbsp; Pre\u010do je v&nbsp;\u010cech\u00e1ch tak\u00e9to dejov\u00e9 linky presadi\u0165 \u013eah\u0161ie ako na Slovensku? Ako sa c\u00edtil po teroristickom \u00fatoku v&nbsp;Tepl\u00e1rni? Pre\u010do si mysl\u00ed, \u017ee LGBTI+ \u013eudia s\u00fa na Slovensku spolo\u010dnos\u0165ou vn\u00edman\u00ed prinajmen\u0161om kontroverzne a&nbsp;nechc\u00fa im pom\u00f4c\u0165 zrovnopr\u00e1vni\u0165 sa, \u010di u\u017e v&nbsp;oblasti zv\u00e4zkov, ale aj v&nbsp;in\u00fdch oblastiach?&nbsp;<\/p>\n\n\n\n<p>Nov\u00fd diel Teplej vlny si m\u00f4\u017eete pozrie\u0165 ni\u017e\u0161ie na&nbsp;<a href=\"https:\/\/youtu.be\/P8OorZlT0JA?si=xiETM7boDDPs5enw\" data-type=\"link\" data-id=\"https:\/\/youtu.be\/P8OorZlT0JA?si=xiETM7boDDPs5enw\">YouTube<\/a>&nbsp;alebo podcastov\u00fdch platform\u00e1ch&nbsp;<a href=\"https:\/\/podcasty.sme.sk\/c\/23212986\/tepla-vlna-na-slovensku-sa-bojime-zobrazovat-lgbti-ludi-v-serialoch-vravi-peter-bebjak.html\" data-type=\"link\" data-id=\"https:\/\/podcasty.sme.sk\/c\/23212986\/tepla-vlna-na-slovensku-sa-bojime-zobrazovat-lgbti-ludi-v-serialoch-vravi-peter-bebjak.html\">SME<\/a>,&nbsp;<a href=\"https:\/\/open.spotify.com\/episode\/5XriVAuJLHGKxUp6GWgBXO?si=5e83cf63287a4d3f\" data-type=\"link\" data-id=\"https:\/\/open.spotify.com\/episode\/5XriVAuJLHGKxUp6GWgBXO?si=5e83cf63287a4d3f\">Spotify<\/a>,&nbsp;<a href=\"https:\/\/www.podbean.com\/ew\/pb-kaw3m-149ab83\" data-type=\"link\" data-id=\"https:\/\/www.podbean.com\/ew\/pb-kaw3m-149ab83\">PodBean<\/a>&nbsp;alebo&nbsp;<a href=\"https:\/\/podcasts.apple.com\/sk\/podcast\/na-slovensku-sa-boj%C3%ADme-zobrazova%C5%A5-lgbti-%C4%BEud%C3%AD-v-seri%C3%A1loch\/id1507703606?i=1000626909833\" data-type=\"link\" data-id=\"https:\/\/podcasts.apple.com\/sk\/podcast\/na-slovensku-sa-boj%C3%ADme-zobrazova%C5%A5-lgbti-%C4%BEud%C3%AD-v-seri%C3%A1loch\/id1507703606?i=1000626909833\">Apple Podcasts<\/a>.<\/p>\n\n\n\n<figure class=\"wp-block-embed is-type-video is-provider-youtube wp-block-embed-youtube wp-embed-aspect-16-9 wp-has-aspect-ratio\"><div class=\"wp-block-embed__wrapper\">\n<iframe loading=\"lazy\" title=\"Tepl\u00e1 vlna: Na Slovensku sa boj\u00edme zobrazova\u0165 LGBTI+ \u013eud\u00ed v seri\u00e1loch, vrav\u00ed Peter Bebjak\" width=\"1778\" height=\"1000\" src=\"https:\/\/www.youtube.com\/embed\/P8OorZlT0JA?feature=oembed\" frameborder=\"0\" allow=\"accelerometer; autoplay; clipboard-write; encrypted-media; gyroscope; picture-in-picture; web-share\" allowfullscreen><\/iframe>\n<\/div><\/figure>\n\n\n\n<p>Tepl\u00e1 vlna je podcast Divadla NOMANTINELS, v ktorom sa rozpr\u00e1vame so zauj\u00edmav\u00fdmi osobnos\u0165ami a \u013eu\u010fmi zo slovenskej queer komunity o ich \u017eivote, in\u0161pirat\u00edvnych veciach, ktor\u00fdmi sa zaoberaj\u00fa a odvahe, ktor\u00e1 im pomohla prekona\u0165 predsudky okolia. Rozhovory moderuje Andrej Kuruc a&nbsp;Marek&nbsp;Hudec&nbsp;a Liberty Blake Simon. Epiz\u00f3du sme nahr\u00e1vali na\u017eivo v j\u00fali.<\/p>\n\n\n\n<p>Realizovan\u00e9 s finan\u010dnou&nbsp;podporou&nbsp;<a href=\"https:\/\/www.culture.gov.sk\/\">Ministerstva kult\u00fary SR<\/a>&nbsp;a&nbsp;<a href=\"https:\/\/www.justice.gov.sk\/\">Ministerstva spravodlivosti SR<\/a>&nbsp;v r\u00e1mci dota\u010dn\u00e9ho programu na presadzovanie, podporu a ochranu \u013eudsk\u00fdch pr\u00e1v a slob\u00f4d a na predch\u00e1dzanie v\u0161etk\u00fdm form\u00e1m diskrimin\u00e1cie, rasizmu, xenof\u00f3bie, antisemitizmu a ostatn\u00fdm form\u00e1m intolerancie.<\/p>\n\n\n\n<p>Z verejn\u00fdch zdrojov podporil&nbsp;<a href=\"https:\/\/www.fpu.sk\/sk\/\">Fond na podporu umenia<\/a>,&nbsp;<a href=\"https:\/\/nadaciamesta.bratislava.sk\/\">Nad\u00e1cia mesta Bratislava<\/a>&nbsp;a&nbsp;<a href=\"https:\/\/bratislavskykraj.sk\/\">Bratislavsk\u00fd samospr\u00e1vny kraj<\/a>.&nbsp;<\/p>\n","protected":false},"excerpt":{"rendered":"<p>Zn\u00e1my re\u017eis\u00e9r Peter Bebjak pravidelne pri preberan\u00ed svojich cien \u010fakuje svojmu partnerovi, v\u00fdtvarn\u00e9mu umelcovi Andrejovi D\u00fabravsk\u00e9mu. Je jednou z&nbsp;m\u00e1la filmov\u00fdch osobnost\u00ed, ktor\u00e1 verejne rozpr\u00e1va o&nbsp;svojej orient\u00e1cii. Z\u00e1rove\u0148 s\u00fa queer vz\u0165ahy <a href=\"https:\/\/duhovyrok.sk\/tepla-vlna\/2023\/09\/06\/tepla-vlna-na-slovensku-sa-bojime-zobrazovat-lgbti-ludi-v-serialoch-vravi-peter-bebjak\/\" class=\"more-link\">&#8230;<\/a><\/p>\n","protected":false},"author":9,"featured_media":2042,"comment_status":"closed","ping_status":"open","sticky":false,"template":"","format":"standard","meta":{"footnotes":""},"categories":[3,2],"tags":[18,99,220,4,24,135,5],"class_list":["post-2038","post","type-post","status-publish","format-standard","has-post-thumbnail","hentry","category-novinky","category-tepla-vlna","tag-andrej-kuruc","tag-from-tepla-vlna","tag-peter-beebjak","tag-podcast","tag-queer-kultura","tag-reziser","tag-tepla-vlna"],"_links":{"self":[{"href":"https:\/\/duhovyrok.sk\/tepla-vlna\/wp-json\/wp\/v2\/posts\/2038","targetHints":{"allow":["GET"]}}],"collection":[{"href":"https:\/\/duhovyrok.sk\/tepla-vlna\/wp-json\/wp\/v2\/posts"}],"about":[{"href":"https:\/\/duhovyrok.sk\/tepla-vlna\/wp-json\/wp\/v2\/types\/post"}],"author":[{"embeddable":true,"href":"https:\/\/duhovyrok.sk\/tepla-vlna\/wp-json\/wp\/v2\/users\/9"}],"replies":[{"embeddable":true,"href":"https:\/\/duhovyrok.sk\/tepla-vlna\/wp-json\/wp\/v2\/comments?post=2038"}],"version-history":[{"count":5,"href":"https:\/\/duhovyrok.sk\/tepla-vlna\/wp-json\/wp\/v2\/posts\/2038\/revisions"}],"predecessor-version":[{"id":2049,"href":"https:\/\/duhovyrok.sk\/tepla-vlna\/wp-json\/wp\/v2\/posts\/2038\/revisions\/2049"}],"wp:featuredmedia":[{"embeddable":true,"href":"https:\/\/duhovyrok.sk\/tepla-vlna\/wp-json\/wp\/v2\/media\/2042"}],"wp:attachment":[{"href":"https:\/\/duhovyrok.sk\/tepla-vlna\/wp-json\/wp\/v2\/media?parent=2038"}],"wp:term":[{"taxonomy":"category","embeddable":true,"href":"https:\/\/duhovyrok.sk\/tepla-vlna\/wp-json\/wp\/v2\/categories?post=2038"},{"taxonomy":"post_tag","embeddable":true,"href":"https:\/\/duhovyrok.sk\/tepla-vlna\/wp-json\/wp\/v2\/tags?post=2038"}],"curies":[{"name":"wp","href":"https:\/\/api.w.org\/{rel}","templated":true}]}}