{"id":2028,"date":"2023-08-30T07:41:49","date_gmt":"2023-08-30T05:41:49","guid":{"rendered":"https:\/\/duhovyrok.sk\/tepla-vlna\/?p=2028"},"modified":"2023-09-06T20:20:21","modified_gmt":"2023-09-06T18:20:21","slug":"pravnicka-lucia-berdisova-vysvetluje-ako-by-ustavna-zaloba-pomohla-queer-parom","status":"publish","type":"post","link":"https:\/\/duhovyrok.sk\/tepla-vlna\/2023\/08\/30\/pravnicka-lucia-berdisova-vysvetluje-ako-by-ustavna-zaloba-pomohla-queer-parom\/","title":{"rendered":"Tepl\u00e1 vlna: Pr\u00e1vni\u010dka Lucia Berdisov\u00e1 vysvet\u013euje, ako by \u00fastavn\u00e1 \u017ealoba pomohla queer p\u00e1rom"},"content":{"rendered":"\n<p>\u00dastavn\u00e1 pr\u00e1vni\u010dka Lucia&nbsp;Berdisov\u00e1&nbsp;si ned\u00e1vno v prejave na bratislavskom Pride spomenula na detstvo, obdobie, v ktorom obdivovala pradedove vesty a u\u017e vtedy tu\u0161ila, \u017ee je in\u00e1, ne\u017e ostatn\u00e9 deti. Letn\u00e9 pr\u00e1zdniny zvykla ako die\u0165a tr\u00e1vi\u0165 u starej mamy, ktor\u00e1 ju l\u00e1skavo nazvala \u010duda\u010dinou, a&nbsp;Lucia&nbsp;tak zistila, \u017ee bezpe\u010dn\u00e9 miesto nemus\u00ed by\u0165 len vecou priestoru, ale&nbsp;aj vz\u0165ahov. K tomuto poznaniu sa vracala po vra\u017ede Juraja a Mat\u00fa\u0161a minul\u00fd rok. Lucia p\u00f4sob\u00ed na \u00dastave pr\u00e1va a \u0161t\u00e1tu na Slovenskej akad\u00e9mii vied, je \u010dlenkou S\u00fadnej rady a vyu\u010duje na pr\u00e1vnickej fakulte v Trnave.&nbsp;<\/p>\n\n\n\n<p>Ako vyzeral jej coming-out v pr\u00e1vnickom prostred\u00ed? C\u00edti sa niekedy pri sledovan\u00ed politick\u00e9ho v\u00fdvoja v&nbsp;oblasti pr\u00e1v queer \u013eud\u00ed bezmocne? Ako m\u00f4\u017ee pom\u00f4c\u0165 n\u00e1vrh na \u00dastavn\u00fd s\u00fad, ktor\u00fd pom\u00e1hala pripravi\u0165, uz\u00e1koneniu partnerstiev pre p\u00e1ry rovnak\u00e9ho pohlavia?<\/p>\n\n\n\n<p>Nov\u00fd diel Teplej vlny si m\u00f4\u017eete pozrie\u0165 ni\u017e\u0161ie na&nbsp;<a href=\"https:\/\/youtu.be\/vPtd7WLN8vo?si=keQ2tiYyVuFFzT6E\" data-type=\"link\" data-id=\"https:\/\/youtu.be\/vPtd7WLN8vo?si=keQ2tiYyVuFFzT6E\">YouTube<\/a>&nbsp;alebo podcastov\u00fdch platform\u00e1ch&nbsp;<a href=\"https:\/\/podcasty.sme.sk\/c\/23210643\/tepla-vlna-pravnicka-vysvetluje-ako-by-ustavna-zaloba-pomohla-queer-parom.html?fbclid=IwAR1PYAVCnbZP_qjtzaGWqsPD7uS7CIIkjoLu1tV5UeWjX4n0t2GeNXemNsA\" data-type=\"link\" data-id=\"https:\/\/podcasty.sme.sk\/c\/23210643\/tepla-vlna-pravnicka-vysvetluje-ako-by-ustavna-zaloba-pomohla-queer-parom.html?fbclid=IwAR1PYAVCnbZP_qjtzaGWqsPD7uS7CIIkjoLu1tV5UeWjX4n0t2GeNXemNsA\">SME<\/a>,&nbsp;<a href=\"https:\/\/open.spotify.com\/episode\/3a35mGmgOuKAZfu7OCO0hk?si=dO5DTmPIRYqv7wbQnHVEMQ\" data-type=\"link\" data-id=\"https:\/\/open.spotify.com\/episode\/3a35mGmgOuKAZfu7OCO0hk?si=dO5DTmPIRYqv7wbQnHVEMQ\">Spotify<\/a>,&nbsp;<a href=\"https:\/\/duhovyrok.podbean.com\/e\/pravnicka-lucia-berdisova-vysvetluje-ako-by-ustavna-zaloba-pomohla-queer-parom\/\" data-type=\"link\" data-id=\"https:\/\/duhovyrok.podbean.com\/e\/pravnicka-lucia-berdisova-vysvetluje-ako-by-ustavna-zaloba-pomohla-queer-parom\/\">PodBean<\/a>&nbsp;alebo&nbsp;<a href=\"https:\/\/podcasts.apple.com\/sk\/podcast\/pr%C3%A1vni%C4%8Dka-lucia-berdisov%C3%A1-vysvet%C4%BEuje-ako-by-%C3%BAstavn%C3%A1\/id1507703606?i=1000626130270\" data-type=\"link\" data-id=\"https:\/\/podcasts.apple.com\/sk\/podcast\/pr%C3%A1vni%C4%8Dka-lucia-berdisov%C3%A1-vysvet%C4%BEuje-ako-by-%C3%BAstavn%C3%A1\/id1507703606?i=1000626130270\">Apple Podcasts<\/a>.<\/p>\n\n\n\n<figure class=\"wp-block-embed is-type-video is-provider-youtube wp-block-embed-youtube wp-embed-aspect-16-9 wp-has-aspect-ratio\"><div class=\"wp-block-embed__wrapper\">\n<iframe loading=\"lazy\" title=\"Tepl\u00e1 vlna: Pr\u00e1vni\u010dka Lucia Berdisov\u00e1 vysvet\u013euje, ako by \u00fastavn\u00e1 \u017ealoba pomohla queer p\u00e1rom\" width=\"1778\" height=\"1000\" src=\"https:\/\/www.youtube.com\/embed\/vPtd7WLN8vo?feature=oembed\" frameborder=\"0\" allow=\"accelerometer; autoplay; clipboard-write; encrypted-media; gyroscope; picture-in-picture; web-share\" allowfullscreen><\/iframe>\n<\/div><\/figure>\n\n\n\n<p>Tepl\u00e1 vlna je podcast Divadla NOMANTINELS, v ktorom sa rozpr\u00e1vame so zauj\u00edmav\u00fdmi osobnos\u0165ami a \u013eu\u010fmi zo slovenskej queer komunity o ich \u017eivote, in\u0161pirat\u00edvnych veciach, ktor\u00fdmi sa zaoberaj\u00fa a odvahe, ktor\u00e1 im pomohla prekona\u0165 predsudky okolia. Rozhovory moderuje Andrej Kuruc a Marek Hudec a Liberty Blake Simon. Epiz\u00f3du sme nahr\u00e1vali na\u017eivo v j\u00fali 2023.<\/p>\n\n\n\n<p>Realizovan\u00e9 s finan\u010dnou&nbsp;podporou&nbsp;<a href=\"https:\/\/www.culture.gov.sk\/\" data-type=\"link\" data-id=\"https:\/\/www.culture.gov.sk\/\">Ministerstva kult\u00fary SR<\/a> a <a href=\"https:\/\/www.justice.gov.sk\/\" data-type=\"link\" data-id=\"https:\/\/www.justice.gov.sk\/\">Ministerstva spravodlivosti SR<\/a> v r\u00e1mci dota\u010dn\u00e9ho programu na presadzovanie, podporu a ochranu \u013eudsk\u00fdch pr\u00e1v a slob\u00f4d a na predch\u00e1dzanie v\u0161etk\u00fdm form\u00e1m diskrimin\u00e1cie, rasizmu, xenof\u00f3bie, antisemitizmu a ostatn\u00fdm form\u00e1m intolerancie.<\/p>\n\n\n\n<p>Z verejn\u00fdch zdrojov podporil <a href=\"https:\/\/www.fpu.sk\/sk\/\" data-type=\"link\" data-id=\"https:\/\/www.fpu.sk\/sk\/\">Fond na podporu umenia<\/a>, <a href=\"https:\/\/nadaciamesta.bratislava.sk\/\" data-type=\"link\" data-id=\"https:\/\/nadaciamesta.bratislava.sk\/\">Nad\u00e1cia mesta Bratislava<\/a> a <a href=\"https:\/\/bratislavskykraj.sk\/\" data-type=\"link\" data-id=\"https:\/\/bratislavskykraj.sk\/\">Bratislavsk\u00fd samospr\u00e1vny kraj<\/a>.&nbsp;<\/p>\n","protected":false},"excerpt":{"rendered":"<p>\u00dastavn\u00e1 pr\u00e1vni\u010dka Lucia&nbsp;Berdisov\u00e1&nbsp;si ned\u00e1vno v prejave na bratislavskom Pride spomenula na detstvo, obdobie, v ktorom obdivovala pradedove vesty a u\u017e vtedy tu\u0161ila, \u017ee je in\u00e1, ne\u017e ostatn\u00e9 deti. Letn\u00e9 pr\u00e1zdniny <a href=\"https:\/\/duhovyrok.sk\/tepla-vlna\/2023\/08\/30\/pravnicka-lucia-berdisova-vysvetluje-ako-by-ustavna-zaloba-pomohla-queer-parom\/\" class=\"more-link\">&#8230;<\/a><\/p>\n","protected":false},"author":9,"featured_media":2029,"comment_status":"closed","ping_status":"open","sticky":false,"template":"","format":"standard","meta":{"footnotes":""},"categories":[3,2],"tags":[18,99,219,61,4],"class_list":["post-2028","post","type-post","status-publish","format-standard","has-post-thumbnail","hentry","category-novinky","category-tepla-vlna","tag-andrej-kuruc","tag-from-tepla-vlna","tag-lucia-berdisova","tag-marek-hudec","tag-podcast"],"_links":{"self":[{"href":"https:\/\/duhovyrok.sk\/tepla-vlna\/wp-json\/wp\/v2\/posts\/2028","targetHints":{"allow":["GET"]}}],"collection":[{"href":"https:\/\/duhovyrok.sk\/tepla-vlna\/wp-json\/wp\/v2\/posts"}],"about":[{"href":"https:\/\/duhovyrok.sk\/tepla-vlna\/wp-json\/wp\/v2\/types\/post"}],"author":[{"embeddable":true,"href":"https:\/\/duhovyrok.sk\/tepla-vlna\/wp-json\/wp\/v2\/users\/9"}],"replies":[{"embeddable":true,"href":"https:\/\/duhovyrok.sk\/tepla-vlna\/wp-json\/wp\/v2\/comments?post=2028"}],"version-history":[{"count":8,"href":"https:\/\/duhovyrok.sk\/tepla-vlna\/wp-json\/wp\/v2\/posts\/2028\/revisions"}],"predecessor-version":[{"id":2047,"href":"https:\/\/duhovyrok.sk\/tepla-vlna\/wp-json\/wp\/v2\/posts\/2028\/revisions\/2047"}],"wp:featuredmedia":[{"embeddable":true,"href":"https:\/\/duhovyrok.sk\/tepla-vlna\/wp-json\/wp\/v2\/media\/2029"}],"wp:attachment":[{"href":"https:\/\/duhovyrok.sk\/tepla-vlna\/wp-json\/wp\/v2\/media?parent=2028"}],"wp:term":[{"taxonomy":"category","embeddable":true,"href":"https:\/\/duhovyrok.sk\/tepla-vlna\/wp-json\/wp\/v2\/categories?post=2028"},{"taxonomy":"post_tag","embeddable":true,"href":"https:\/\/duhovyrok.sk\/tepla-vlna\/wp-json\/wp\/v2\/tags?post=2028"}],"curies":[{"name":"wp","href":"https:\/\/api.w.org\/{rel}","templated":true}]}}