{"id":2020,"date":"2023-05-19T16:21:23","date_gmt":"2023-05-19T14:21:23","guid":{"rendered":"https:\/\/duhovyrok.sk\/tepla-vlna\/?p=2020"},"modified":"2023-05-19T16:21:56","modified_gmt":"2023-05-19T14:21:56","slug":"miniseria-nanichodnice-o-hudbe-so-shinou-a-kristinou-smetanovou","status":"publish","type":"post","link":"https:\/\/duhovyrok.sk\/tepla-vlna\/2023\/05\/19\/miniseria-nanichodnice-o-hudbe-so-shinou-a-kristinou-smetanovou\/","title":{"rendered":"Minis\u00e9ria Nani\u010dhodnice: O hudbe so Shinou a Krist\u00ednou Smetanovou"},"content":{"rendered":"\n<p>Pod zna\u010dkou Teplej vlny v\u00e1m nieko\u013eko t\u00fd\u017ed\u0148ov prin\u00e1\u0161ame \u0161peci\u00e1lnu minis\u00e9riu&nbsp;Nani\u010dhodnice:&nbsp;O tom, ak\u00fd bol, je a bude \u017eivot umelkyne&nbsp;na&nbsp;Slovensku. Mapuje odli\u0161nos\u0165 genera\u010dn\u00fdch sk\u00fasenost\u00ed v dvojiciach umelk\u00fd\u0148 v r\u00f4znych umeleck\u00fdch oblastiach, v poslednej, piatej epiz\u00f3de minis\u00e9rie, je to hudba.<\/p>\n\n\n\n<p>Eva Kopeck\u00e1 v \u0161t\u00fadiu priv\u00edtala Shinu, zakladate\u013eku vydavate\u013estva Slnko Records, \u010dlenku kapely Longital a Krist\u00edna Smetanov\u00e1, klaviristka, ktor\u00e1 sa venuje nielen interpret\u00e1cii klasickej hudby, ale aj sklad\u00e1 vlastn\u00fa.<\/p>\n\n\n\n<p>Podcastov\u00fa minis\u00e9riu Nani\u010dhodnice n\u00e1jdete na&nbsp;<a href=\"https:\/\/www.youtube.com\/watch?v=xiGS4gzY97w\" target=\"_blank\" rel=\"noreferrer noopener\">YouTube<\/a>,&nbsp;<a href=\"https:\/\/open.spotify.com\/episode\/5drHORLo2n4Mib3a0x06HP?si=mHhiuYFdSYGgiS5nA47gcw\" target=\"_blank\" rel=\"noreferrer noopener\">Spotify<\/a>,&nbsp;<a href=\"https:\/\/podcasts.apple.com\/sk\/podcast\/minis%C3%A9ria-nani%C4%8Dhodnice-o-hudbe-so-shinou-a\/id1507703606?i=1000613630370\" target=\"_blank\" rel=\"noreferrer noopener\">Apple<\/a>&nbsp;a Google podcast,&nbsp;<a href=\"https:\/\/www.podbean.com\/ew\/pb-wjn5r-14116cb\" target=\"_blank\" rel=\"noreferrer noopener\">Podbean<\/a>.<\/p>\n\n\n\n<figure class=\"wp-block-embed is-type-video is-provider-youtube wp-block-embed-youtube wp-embed-aspect-16-9 wp-has-aspect-ratio\"><div class=\"wp-block-embed__wrapper\">\n<iframe loading=\"lazy\" title=\"Minis\u00e9ria Nani\u010dhodnice: O hudbe so Shinou a Krist\u00ednou Smetanovou\" width=\"1778\" height=\"1000\" src=\"https:\/\/www.youtube.com\/embed\/xiGS4gzY97w?feature=oembed\" frameborder=\"0\" allow=\"accelerometer; autoplay; clipboard-write; encrypted-media; gyroscope; picture-in-picture; web-share\" allowfullscreen><\/iframe>\n<\/div><\/figure>\n\n\n\n<p>Moder\u00e1torka: Eva Kopeck\u00e1<\/p>\n\n\n\n<p>Zvu\u010dka: Longital, skladba \u201cPotom\u201d z albumu Mauna<\/p>\n\n\n\n<p>Produkcia: Veronika Malgot<\/p>\n\n\n\n<p>N\u00e1zov in\u0161pirovan\u00fd knihou Jany Jur\u00e1\u0148ovej \u201cNani\u010dhodnica\u201d<\/p>\n\n\n\n<p>*Nahr\u00e1van\u00e9 v KC Pakt v Bratislave. Realizovan\u00e9 v r\u00e1mci projektu GYNOKRITICK\u00c1 P\u00da\u0164, z verejn\u00fdch zdrojov podporen\u00e9&nbsp;<a href=\"https:\/\/www.fpu.sk\/sk\/\" target=\"_blank\" rel=\"noreferrer noopener\">Fondom na podporu umenia<\/a>&nbsp;a&nbsp;<a href=\"https:\/\/www.culture.gov.sk\/\" target=\"_blank\" rel=\"noreferrer noopener\">Ministerstvom kult\u00fary SR<\/a>.<\/p>\n","protected":false},"excerpt":{"rendered":"<p>Pod zna\u010dkou Teplej vlny v\u00e1m nieko\u013eko t\u00fd\u017ed\u0148ov prin\u00e1\u0161ame \u0161peci\u00e1lnu minis\u00e9riu&nbsp;Nani\u010dhodnice:&nbsp;O tom, ak\u00fd bol, je a bude \u017eivot umelkyne&nbsp;na&nbsp;Slovensku. Mapuje odli\u0161nos\u0165 genera\u010dn\u00fdch sk\u00fasenost\u00ed v dvojiciach umelk\u00fd\u0148 v r\u00f4znych umeleck\u00fdch oblastiach, v <a href=\"https:\/\/duhovyrok.sk\/tepla-vlna\/2023\/05\/19\/miniseria-nanichodnice-o-hudbe-so-shinou-a-kristinou-smetanovou\/\" class=\"more-link\">&#8230;<\/a><\/p>\n","protected":false},"author":9,"featured_media":2021,"comment_status":"closed","ping_status":"open","sticky":false,"template":"","format":"standard","meta":{"footnotes":""},"categories":[3,2],"tags":[99,146,212,4,194],"class_list":["post-2020","post","type-post","status-publish","format-standard","has-post-thumbnail","hentry","category-novinky","category-tepla-vlna","tag-from-tepla-vlna","tag-hudba","tag-nanichodnice","tag-podcast","tag-rozhovor"],"_links":{"self":[{"href":"https:\/\/duhovyrok.sk\/tepla-vlna\/wp-json\/wp\/v2\/posts\/2020","targetHints":{"allow":["GET"]}}],"collection":[{"href":"https:\/\/duhovyrok.sk\/tepla-vlna\/wp-json\/wp\/v2\/posts"}],"about":[{"href":"https:\/\/duhovyrok.sk\/tepla-vlna\/wp-json\/wp\/v2\/types\/post"}],"author":[{"embeddable":true,"href":"https:\/\/duhovyrok.sk\/tepla-vlna\/wp-json\/wp\/v2\/users\/9"}],"replies":[{"embeddable":true,"href":"https:\/\/duhovyrok.sk\/tepla-vlna\/wp-json\/wp\/v2\/comments?post=2020"}],"version-history":[{"count":3,"href":"https:\/\/duhovyrok.sk\/tepla-vlna\/wp-json\/wp\/v2\/posts\/2020\/revisions"}],"predecessor-version":[{"id":2024,"href":"https:\/\/duhovyrok.sk\/tepla-vlna\/wp-json\/wp\/v2\/posts\/2020\/revisions\/2024"}],"wp:featuredmedia":[{"embeddable":true,"href":"https:\/\/duhovyrok.sk\/tepla-vlna\/wp-json\/wp\/v2\/media\/2021"}],"wp:attachment":[{"href":"https:\/\/duhovyrok.sk\/tepla-vlna\/wp-json\/wp\/v2\/media?parent=2020"}],"wp:term":[{"taxonomy":"category","embeddable":true,"href":"https:\/\/duhovyrok.sk\/tepla-vlna\/wp-json\/wp\/v2\/categories?post=2020"},{"taxonomy":"post_tag","embeddable":true,"href":"https:\/\/duhovyrok.sk\/tepla-vlna\/wp-json\/wp\/v2\/tags?post=2020"}],"curies":[{"name":"wp","href":"https:\/\/api.w.org\/{rel}","templated":true}]}}