{"id":2015,"date":"2023-05-12T16:43:00","date_gmt":"2023-05-12T14:43:00","guid":{"rendered":"https:\/\/duhovyrok.sk\/tepla-vlna\/?p=2015"},"modified":"2023-05-15T08:55:16","modified_gmt":"2023-05-15T06:55:16","slug":"miniseria-nanichodnice-o-vizualnom-umeni-so-stefaniou-abelovou-a-sonou-maletz","status":"publish","type":"post","link":"https:\/\/duhovyrok.sk\/tepla-vlna\/2023\/05\/12\/miniseria-nanichodnice-o-vizualnom-umeni-so-stefaniou-abelovou-a-sonou-maletz\/","title":{"rendered":"Minis\u00e9ria Nani\u010dhodnice: O vizu\u00e1lnom umen\u00ed so \u0160tef\u00e1niou \u00c1belovou a So\u0148ou Maletz"},"content":{"rendered":"\n<p>Pod zna\u010dkou Teplej vlny v\u00e1m nieko\u013eko najbli\u017e\u0161\u00edch t\u00fd\u017ed\u0148ov prinesieme \u0161peci\u00e1lnu minis\u00e9riu Nani\u010dhodnice: O tom, ak\u00fd bol, je a bude \u017eivot umelkyne na Slovensku. Mapuje odli\u0161nos\u0165 genera\u010dn\u00fdch sk\u00fasenost\u00ed v dvojiciach umelk\u00fd\u0148 v r\u00f4znych umeleck\u00fdch oblastiach, v \u0161tvrtej epiz\u00f3de je to vizu\u00e1lne umenie. <\/p>\n\n\n\n<p>Eva Kopeck\u00e1 v \u0161t\u00fadiu priv\u00edtala \u0160tef\u00e1niu \u00c1belov\u00fa, akademick\u00fa maliarku, pedagogi\u010dku, zakladate\u013eku Bernol\u00e1kovsk\u00e9ho ochotn\u00edckeho te\u00e1tra a So\u0148u Maletz, dokument\u00e1rnu fotografku a re\u017eis\u00e9rku, okrem in\u00e9ho aj dokumentu Varga. <\/p>\n\n\n\n<p>Podcastov\u00fa minis\u00e9riu Nani\u010dhodnice n\u00e1jdete na <a href=\"https:\/\/youtu.be\/-4bxYh7kbm4\" target=\"_blank\" rel=\"noreferrer noopener\">YouTube<\/a>, <a href=\"https:\/\/open.spotify.com\/episode\/4SYcXRhm3beh7xpNI9Ckq9?si=5kdKNscBTYetfyUawxz47g\" target=\"_blank\" rel=\"noreferrer noopener\">Spotify<\/a>, <a href=\"https:\/\/podcasts.apple.com\/sk\/podcast\/minis%C3%A9ria-nani%C4%8Dhodnice-o-vizu%C3%A1lnom-umen%C3%AD-so-%C5%A1tef%C3%A1niou\/id1507703606?i=1000612743031\" target=\"_blank\" rel=\"noreferrer noopener\">Apple<\/a> a Google podcast, <a href=\"https:\/\/www.podbean.com\/ew\/pb-ppqgr-1408141\" target=\"_blank\" rel=\"noreferrer noopener\">Podbean<\/a>.<\/p>\n\n\n\n<figure class=\"wp-block-embed is-type-video is-provider-youtube wp-block-embed-youtube wp-embed-aspect-16-9 wp-has-aspect-ratio\"><div class=\"wp-block-embed__wrapper\">\n<iframe loading=\"lazy\" title=\"Minis\u00e9ria Nani\u010dhodnice: O vizu\u00e1lnom umen\u00ed so \u0160tef\u00e1niou \u00c1belovou a So\u0148ou Maletz\" width=\"1778\" height=\"1000\" src=\"https:\/\/www.youtube.com\/embed\/-4bxYh7kbm4?feature=oembed\" frameborder=\"0\" allow=\"accelerometer; autoplay; clipboard-write; encrypted-media; gyroscope; picture-in-picture; web-share\" allowfullscreen><\/iframe>\n<\/div><\/figure>\n\n\n\n<p>Moder\u00e1torka: Eva Kopeck\u00e1 <\/p>\n\n\n\n<p>Zvu\u010dka: Longital, skladba \u201cPotom\u201d z albumu Mauna <\/p>\n\n\n\n<p>Produkcia: Veronika Malgot <\/p>\n\n\n\n<p>N\u00e1zov in\u0161pirovan\u00fd knihou Jany Jur\u00e1\u0148ovej \u201cNani\u010dhodnica\u201d <\/p>\n\n\n\n<p>*Nahr\u00e1van\u00e9 v KC Pakt v Bratislave. Realizovan\u00e9 v r\u00e1mci projektu GYNOKRITICK\u00c1 P\u00da\u0164, z verejn\u00fdch zdrojov podporen\u00e9 <a href=\"https:\/\/www.fpu.sk\/sk\/\" target=\"_blank\" rel=\"noreferrer noopener\">Fondom na podporu umenia<\/a> a <a href=\"https:\/\/www.culture.gov.sk\/\" target=\"_blank\" rel=\"noreferrer noopener\">Ministerstvom kult\u00fary SR<\/a>.<\/p>\n","protected":false},"excerpt":{"rendered":"<p>Pod zna\u010dkou Teplej vlny v\u00e1m nieko\u013eko najbli\u017e\u0161\u00edch t\u00fd\u017ed\u0148ov prinesieme \u0161peci\u00e1lnu minis\u00e9riu Nani\u010dhodnice: O tom, ak\u00fd bol, je a bude \u017eivot umelkyne na Slovensku. Mapuje odli\u0161nos\u0165 genera\u010dn\u00fdch sk\u00fasenost\u00ed v dvojiciach umelk\u00fd\u0148 <a href=\"https:\/\/duhovyrok.sk\/tepla-vlna\/2023\/05\/12\/miniseria-nanichodnice-o-vizualnom-umeni-so-stefaniou-abelovou-a-sonou-maletz\/\" class=\"more-link\">&#8230;<\/a><\/p>\n","protected":false},"author":9,"featured_media":2016,"comment_status":"closed","ping_status":"open","sticky":false,"template":"","format":"standard","meta":{"footnotes":""},"categories":[3,2],"tags":[218,99,212,4,194,217,216,144],"class_list":["post-2015","post","type-post","status-publish","format-standard","has-post-thumbnail","hentry","category-novinky","category-tepla-vlna","tag-eva-kopecka","tag-from-tepla-vlna","tag-nanichodnice","tag-podcast","tag-rozhovor","tag-sona-maletz","tag-stefania-abelova","tag-vizualne-umenie"],"_links":{"self":[{"href":"https:\/\/duhovyrok.sk\/tepla-vlna\/wp-json\/wp\/v2\/posts\/2015","targetHints":{"allow":["GET"]}}],"collection":[{"href":"https:\/\/duhovyrok.sk\/tepla-vlna\/wp-json\/wp\/v2\/posts"}],"about":[{"href":"https:\/\/duhovyrok.sk\/tepla-vlna\/wp-json\/wp\/v2\/types\/post"}],"author":[{"embeddable":true,"href":"https:\/\/duhovyrok.sk\/tepla-vlna\/wp-json\/wp\/v2\/users\/9"}],"replies":[{"embeddable":true,"href":"https:\/\/duhovyrok.sk\/tepla-vlna\/wp-json\/wp\/v2\/comments?post=2015"}],"version-history":[{"count":2,"href":"https:\/\/duhovyrok.sk\/tepla-vlna\/wp-json\/wp\/v2\/posts\/2015\/revisions"}],"predecessor-version":[{"id":2018,"href":"https:\/\/duhovyrok.sk\/tepla-vlna\/wp-json\/wp\/v2\/posts\/2015\/revisions\/2018"}],"wp:featuredmedia":[{"embeddable":true,"href":"https:\/\/duhovyrok.sk\/tepla-vlna\/wp-json\/wp\/v2\/media\/2016"}],"wp:attachment":[{"href":"https:\/\/duhovyrok.sk\/tepla-vlna\/wp-json\/wp\/v2\/media?parent=2015"}],"wp:term":[{"taxonomy":"category","embeddable":true,"href":"https:\/\/duhovyrok.sk\/tepla-vlna\/wp-json\/wp\/v2\/categories?post=2015"},{"taxonomy":"post_tag","embeddable":true,"href":"https:\/\/duhovyrok.sk\/tepla-vlna\/wp-json\/wp\/v2\/tags?post=2015"}],"curies":[{"name":"wp","href":"https:\/\/api.w.org\/{rel}","templated":true}]}}