{"id":1999,"date":"2023-04-22T12:26:17","date_gmt":"2023-04-22T10:26:17","guid":{"rendered":"https:\/\/duhovyrok.sk\/tepla-vlna\/?p=1999"},"modified":"2023-04-22T12:26:51","modified_gmt":"2023-04-22T10:26:51","slug":"miniseria-nanichodnice-o-literature-s-janou-juranovou-a-nicol-hochholczerovou","status":"publish","type":"post","link":"https:\/\/duhovyrok.sk\/tepla-vlna\/2023\/04\/22\/miniseria-nanichodnice-o-literature-s-janou-juranovou-a-nicol-hochholczerovou\/","title":{"rendered":"Minis\u00e9ria Nani\u010dhodnice: O literat\u00fare s Janou Jur\u00e1\u0148ovou a Nicol Hochholczerovou"},"content":{"rendered":"\n<p>Pod zna\u010dkou Teplej vlny v\u00e1m nieko\u013eko najbli\u017e\u0161\u00edch t\u00fd\u017ed\u0148ov prinesieme \u0161peci\u00e1lnu minis\u00e9riu Nani\u010dhodnice:&nbsp;O tom, ak\u00fd bol, je a bude \u017eivot umelkyne na Slovensku. Mapuje odli\u0161nos\u0165 genera\u010dn\u00fdch sk\u00fasenost\u00ed v dvojiciach umelk\u00fd\u0148 v r\u00f4znych umeleck\u00fdch oblastiach, v prvej epiz\u00f3de je to literat\u00fara.<\/p>\n\n\n\n<p>Eva Kopeck\u00e1 v \u0161t\u00fadiu priv\u00edtala&nbsp;Janu Jur\u00e1\u0148ov\u00fa, spoluzakladate\u013eku feministickej vzdel\u00e1vacej a publika\u010dnej organiz\u00e1cie <a href=\"http:\/\/www.aspekt.sk\/\" target=\"_blank\" rel=\"noreferrer noopener\">ASPEKT<\/a>, autorku kn\u00edh pre deti a dospel\u00fdch a&nbsp;Nicol Hochholczerov\u00fa, \u0161tudentku vizu\u00e1lneho umenia, autorku kni\u017en\u00e9ho debutu T\u00e1to izba sa ned\u00e1 zjes\u0165.<\/p>\n\n\n\n<p>Podcastov\u00fa minis\u00e9riu Nani\u010dhodnice n\u00e1jdete na <a rel=\"noreferrer noopener\" href=\"https:\/\/youtu.be\/iel1vz_X1vM\" target=\"_blank\">YouTube<\/a>, <a rel=\"noreferrer noopener\" href=\"https:\/\/open.spotify.com\/episode\/6bG1GcOHagSqfXzhFGYiBG?si=8257bc6734ef4ec9\" target=\"_blank\">Spotify<\/a>, <a href=\"https:\/\/podcasts.apple.com\/sk\/podcast\/minis%C3%A9ria-nani%C4%8Dhodnice-o-literat%C3%BAre-s-janou-jur%C3%A1%C5%88ovou\/id1507703606?i=1000610055396\" target=\"_blank\" rel=\"noreferrer noopener\">Apple<\/a> a Google podcast, <a href=\"https:\/\/www.podbean.com\/ew\/pb-mngtj-13ea9b9\" target=\"_blank\" rel=\"noreferrer noopener\">Podbean<\/a>.<\/p>\n\n\n\n<p>Moder\u00e1torka: Eva Kopeck\u00e1&nbsp;<\/p>\n\n\n\n<p>Zvu\u010dka: Longital, skladba \u201cPotom\u201d z albumu Mauna<\/p>\n\n\n\n<p>Produkcia: Veronika Malgot<\/p>\n\n\n\n<p>N\u00e1zov in\u0161pirovan\u00fd knihou Jany Jur\u00e1\u0148ovej \u201cNani\u010dhodnica\u201d&nbsp;<\/p>\n\n\n\n<p>Nahr\u00e1van\u00e9 v KC Pakt v Bratislave. Realizovan\u00e9 v r\u00e1mci projektu GYNOKRITICK\u00c1 P\u00da\u0164, z verejn\u00fdch zdrojov podporen\u00e9 <a href=\"https:\/\/www.fpu.sk\/sk\/\" target=\"_blank\" rel=\"noreferrer noopener\">Fondom na podporu umenia<\/a> a <a href=\"https:\/\/www.culture.gov.sk\/\" target=\"_blank\" rel=\"noreferrer noopener\">Ministerstvom kult\u00fary SR<\/a>.&nbsp;<\/p>\n","protected":false},"excerpt":{"rendered":"<p>Pod zna\u010dkou Teplej vlny v\u00e1m nieko\u013eko najbli\u017e\u0161\u00edch t\u00fd\u017ed\u0148ov prinesieme \u0161peci\u00e1lnu minis\u00e9riu Nani\u010dhodnice:&nbsp;O tom, ak\u00fd bol, je a bude \u017eivot umelkyne na Slovensku. Mapuje odli\u0161nos\u0165 genera\u010dn\u00fdch sk\u00fasenost\u00ed v dvojiciach umelk\u00fd\u0148 v <a href=\"https:\/\/duhovyrok.sk\/tepla-vlna\/2023\/04\/22\/miniseria-nanichodnice-o-literature-s-janou-juranovou-a-nicol-hochholczerovou\/\" class=\"more-link\">&#8230;<\/a><\/p>\n","protected":false},"author":9,"featured_media":2001,"comment_status":"closed","ping_status":"open","sticky":false,"template":"","format":"standard","meta":{"footnotes":""},"categories":[3,2],"tags":[213,99,212,4,194,62],"class_list":["post-1999","post","type-post","status-publish","format-standard","has-post-thumbnail","hentry","category-novinky","category-tepla-vlna","tag-feminizmus","tag-from-tepla-vlna","tag-nanichodnice","tag-podcast","tag-rozhovor","tag-umenie"],"_links":{"self":[{"href":"https:\/\/duhovyrok.sk\/tepla-vlna\/wp-json\/wp\/v2\/posts\/1999","targetHints":{"allow":["GET"]}}],"collection":[{"href":"https:\/\/duhovyrok.sk\/tepla-vlna\/wp-json\/wp\/v2\/posts"}],"about":[{"href":"https:\/\/duhovyrok.sk\/tepla-vlna\/wp-json\/wp\/v2\/types\/post"}],"author":[{"embeddable":true,"href":"https:\/\/duhovyrok.sk\/tepla-vlna\/wp-json\/wp\/v2\/users\/9"}],"replies":[{"embeddable":true,"href":"https:\/\/duhovyrok.sk\/tepla-vlna\/wp-json\/wp\/v2\/comments?post=1999"}],"version-history":[{"count":2,"href":"https:\/\/duhovyrok.sk\/tepla-vlna\/wp-json\/wp\/v2\/posts\/1999\/revisions"}],"predecessor-version":[{"id":2003,"href":"https:\/\/duhovyrok.sk\/tepla-vlna\/wp-json\/wp\/v2\/posts\/1999\/revisions\/2003"}],"wp:featuredmedia":[{"embeddable":true,"href":"https:\/\/duhovyrok.sk\/tepla-vlna\/wp-json\/wp\/v2\/media\/2001"}],"wp:attachment":[{"href":"https:\/\/duhovyrok.sk\/tepla-vlna\/wp-json\/wp\/v2\/media?parent=1999"}],"wp:term":[{"taxonomy":"category","embeddable":true,"href":"https:\/\/duhovyrok.sk\/tepla-vlna\/wp-json\/wp\/v2\/categories?post=1999"},{"taxonomy":"post_tag","embeddable":true,"href":"https:\/\/duhovyrok.sk\/tepla-vlna\/wp-json\/wp\/v2\/tags?post=1999"}],"curies":[{"name":"wp","href":"https:\/\/api.w.org\/{rel}","templated":true}]}}