{"id":1989,"date":"2023-01-18T12:09:42","date_gmt":"2023-01-18T11:09:42","guid":{"rendered":"https:\/\/duhovyrok.sk\/tepla-vlna\/?p=1989"},"modified":"2023-01-29T12:26:04","modified_gmt":"2023-01-29T11:26:04","slug":"tepla-vlna-aj-media-mozu-scitlivovat-spolocnost-vravi-novinarka-ria-gehrerova","status":"publish","type":"post","link":"https:\/\/duhovyrok.sk\/tepla-vlna\/2023\/01\/18\/tepla-vlna-aj-media-mozu-scitlivovat-spolocnost-vravi-novinarka-ria-gehrerova\/","title":{"rendered":"Tepl\u00e1 vlna: Aj m\u00e9dia m\u00f4\u017eu scitlivova\u0165 spolo\u010dnos\u0165, vrav\u00ed novin\u00e1rka Ria Gehrerov\u00e1"},"content":{"rendered":"\n<p>Ria&nbsp;Gehrerov\u00e1&nbsp;vy\u0161tudovala \u017eurnalistiku na Univerzite Komensk\u00e9ho v&nbsp;Bratislave. Pracovala ako editorka pre Teraz.sk a&nbsp;SkolskyServis.sk. Report\u00e9rkou <a href=\"https:\/\/dennikn.sk\/\" target=\"_blank\" rel=\"noreferrer noopener\">Denn\u00edka N<\/a> je od jeho vzniku, kde \u010dasto p\u00edsala aj o&nbsp;LGBTI+ t\u00e9me. Porozpr\u00e1vala o&nbsp;tom, pre\u010do si mysl\u00ed \u017ee je d\u00f4le\u017eit\u00e9 p\u00edsa\u0165 aj o&nbsp;LGBTI+ \u013eu\u010foch. Ako sa k&nbsp;tomu stavali &nbsp;v&nbsp;redakcii.<\/p>\n\n\n\n<p>Jej \u010dl\u00e1nky v\u0161ak \u00a0boli zameran\u00e9 aj na poh\u013eady n\u00e1bo\u017eensk\u00e9, robila aj rozhovory v\u00a0\u00favodzovk\u00e1ch z\u00a0druhej strany. Prezradila, ak\u00fd si z\u00a0toho mala dojem, a\u00a0pre\u010do pod\u013ea nej st\u00e1le Slovensko m\u00e1 probl\u00e9m s\u00a0prijat\u00edm r\u00f4znych men\u0161\u00edn.<\/p>\n\n\n\n<p>Aktu\u00e1lny diel Teplej vlny si m\u00f4\u017eete pozrie\u0165 ni\u017e\u0161ie na\u00a0<a rel=\"noreferrer noopener\" href=\"https:\/\/youtu.be\/D1HHeMu8nn0\" target=\"_blank\">YouTube<\/a>\u00a0alebo na podcastov\u00fdch platform\u00e1ch <a rel=\"noreferrer noopener\" href=\"https:\/\/podcasty.sme.sk\/c\/23114931\/tepla-vlna-aj-media-mozu-scitlivovat-spolocnost-vravi-novinarka-ria-gehrerova.html\" target=\"_blank\">SME<\/a>, <a rel=\"noreferrer noopener\" href=\"https:\/\/www.podbean.com\/ew\/pb-rhfwn-1364420\" target=\"_blank\">PodBean<\/a>, <a href=\"https:\/\/open.spotify.com\/episode\/00N6gYNxJMiUEl05vv5Tgs?si=T0tHdGxcSCa4jV6ooMu1zg\" target=\"_blank\" rel=\"noreferrer noopener\">Spotify<\/a> alebo <a href=\"https:\/\/podcasts.apple.com\/sk\/podcast\/aj-m%C3%A9dia-m%C3%B4%C5%BEu-scitlivova%C5%A5-spolo%C4%8Dnos%C5%A5-vrav%C3%AD-novin%C3%A1rka\/id1507703606?i=1000596237924\" target=\"_blank\" rel=\"noreferrer noopener\">Apple Podcasts<\/a>. <\/p>\n\n\n\n<figure class=\"wp-block-embed is-type-video is-provider-youtube wp-block-embed-youtube wp-embed-aspect-16-9 wp-has-aspect-ratio\"><div class=\"wp-block-embed__wrapper\">\n<iframe loading=\"lazy\" title=\"Aj m\u00e9dia m\u00f4\u017eu scitlivova\u0165 spolo\u010dnos\u0165, vrav\u00ed novin\u00e1rka Ria Gehrerov\u00e1\" width=\"1778\" height=\"1000\" src=\"https:\/\/www.youtube.com\/embed\/D1HHeMu8nn0?feature=oembed\" frameborder=\"0\" allow=\"accelerometer; autoplay; clipboard-write; encrypted-media; gyroscope; picture-in-picture; web-share\" allowfullscreen><\/iframe>\n<\/div><\/figure>\n\n\n\n<p>Epiz\u00f3du sme nahr\u00e1vali e\u0161te v lete, pred teroristick\u00fdm \u00fatokom pred Tepl\u00e1r\u0148ou. <\/p>\n\n\n\n<p>Tepl\u00e1 vlna je podcast Divadla NOMANTINELS, v ktorom sa rozpr\u00e1vame so zauj\u00edmav\u00fdmi osobnos\u0165ami a \u013eu\u010fmi zo slovenskej queer komunity o ich \u017eivote, in\u0161pirat\u00edvnych veciach, ktor\u00fdmi sa zaoberaj\u00fa a odvahe, ktor\u00e1 im pomohla prekona\u0165 predsudky okolia. Rozhovory moderuje Andrej Kuruc a Marek Hudec a Liberty Blake Simon.<\/p>\n\n\n\n<p><\/p>\n","protected":false},"excerpt":{"rendered":"<p>Ria&nbsp;Gehrerov\u00e1&nbsp;vy\u0161tudovala \u017eurnalistiku na Univerzite Komensk\u00e9ho v&nbsp;Bratislave. Pracovala ako editorka pre Teraz.sk a&nbsp;SkolskyServis.sk. Report\u00e9rkou Denn\u00edka N je od jeho vzniku, kde \u010dasto p\u00edsala aj o&nbsp;LGBTI+ t\u00e9me. Porozpr\u00e1vala o&nbsp;tom, pre\u010do si mysl\u00ed <a href=\"https:\/\/duhovyrok.sk\/tepla-vlna\/2023\/01\/18\/tepla-vlna-aj-media-mozu-scitlivovat-spolocnost-vravi-novinarka-ria-gehrerova\/\" class=\"more-link\">&#8230;<\/a><\/p>\n","protected":false},"author":9,"featured_media":1990,"comment_status":"closed","ping_status":"open","sticky":false,"template":"","format":"standard","meta":{"footnotes":""},"categories":[3,2],"tags":[18,99,4,23,24,211,5],"class_list":["post-1989","post","type-post","status-publish","format-standard","has-post-thumbnail","hentry","category-novinky","category-tepla-vlna","tag-andrej-kuruc","tag-from-tepla-vlna","tag-podcast","tag-queer","tag-queer-kultura","tag-ria-gehrerova","tag-tepla-vlna"],"_links":{"self":[{"href":"https:\/\/duhovyrok.sk\/tepla-vlna\/wp-json\/wp\/v2\/posts\/1989","targetHints":{"allow":["GET"]}}],"collection":[{"href":"https:\/\/duhovyrok.sk\/tepla-vlna\/wp-json\/wp\/v2\/posts"}],"about":[{"href":"https:\/\/duhovyrok.sk\/tepla-vlna\/wp-json\/wp\/v2\/types\/post"}],"author":[{"embeddable":true,"href":"https:\/\/duhovyrok.sk\/tepla-vlna\/wp-json\/wp\/v2\/users\/9"}],"replies":[{"embeddable":true,"href":"https:\/\/duhovyrok.sk\/tepla-vlna\/wp-json\/wp\/v2\/comments?post=1989"}],"version-history":[{"count":4,"href":"https:\/\/duhovyrok.sk\/tepla-vlna\/wp-json\/wp\/v2\/posts\/1989\/revisions"}],"predecessor-version":[{"id":1997,"href":"https:\/\/duhovyrok.sk\/tepla-vlna\/wp-json\/wp\/v2\/posts\/1989\/revisions\/1997"}],"wp:featuredmedia":[{"embeddable":true,"href":"https:\/\/duhovyrok.sk\/tepla-vlna\/wp-json\/wp\/v2\/media\/1990"}],"wp:attachment":[{"href":"https:\/\/duhovyrok.sk\/tepla-vlna\/wp-json\/wp\/v2\/media?parent=1989"}],"wp:term":[{"taxonomy":"category","embeddable":true,"href":"https:\/\/duhovyrok.sk\/tepla-vlna\/wp-json\/wp\/v2\/categories?post=1989"},{"taxonomy":"post_tag","embeddable":true,"href":"https:\/\/duhovyrok.sk\/tepla-vlna\/wp-json\/wp\/v2\/tags?post=1989"}],"curies":[{"name":"wp","href":"https:\/\/api.w.org\/{rel}","templated":true}]}}