{"id":1981,"date":"2022-12-19T10:52:11","date_gmt":"2022-12-19T09:52:11","guid":{"rendered":"https:\/\/duhovyrok.sk\/tepla-vlna\/?p=1981"},"modified":"2022-12-19T10:52:38","modified_gmt":"2022-12-19T09:52:38","slug":"tepla-vlna-special-duchovny-martin-kovac-o-inkluzivnom-posolstve-vianocneho-pribehu","status":"publish","type":"post","link":"https:\/\/duhovyrok.sk\/tepla-vlna\/2022\/12\/19\/tepla-vlna-special-duchovny-martin-kovac-o-inkluzivnom-posolstve-vianocneho-pribehu\/","title":{"rendered":"Tepl\u00e1 vlna (\u0161peci\u00e1l): Duchovn\u00fd Martin Kov\u00e1\u010d o inkluz\u00edvnom posolstve viano\u010dn\u00e9ho pr\u00edbehu"},"content":{"rendered":"\n<p>V \u0161peci\u00e1lnom vydan\u00ed Teplej vlny sa v spolupr\u00e1ci so spolo\u010denstvom <a href=\"https:\/\/duhovi-krestania.sk\/\" target=\"_blank\" rel=\"noreferrer noopener\">SIGNUM &#8211; D\u00fahov\u00ed kres\u0165ania<\/a> zaober\u00e1me spojeniu viery a inakosti. V tre\u0165om rozhovore tohto \u0161peci\u00e1lneho vydania sme priv\u00edtali Martina Kov\u00e1\u010da, ktor\u00fd je jedn\u00fdm z m\u00e1la akt\u00edvnych \u013eud\u00ed v cirkevnej slu\u017ebe na Slovensku, ktor\u00ed sa otvorene venuj\u00fa duchovnej pastor\u00e1cii os\u00f4b men\u0161inovej sexu\u00e1lnej orient\u00e1cie \u010di rodovej identity.<\/p>\n\n\n\n<p>Ako duchovn\u00fd pre Starokatol\u00edcku delegat\u00faru Utrechtskej \u00fanie na Slovensku vedie pravideln\u00e9 bohoslu\u017eby v Bratislave a Trnave, anga\u017euje sa v miestnej politike a pracuje aj na projekte Star\u00e9 L\u00fdceum, ktor\u00e9 d\u00fafame bude nov\u00fdm domovom pre d\u00fahov\u00fdch kres\u0165anov v Bratislave. Martin je zanieten\u00fd bojovn\u00edk za otvoren\u00fa a inkluz\u00edvnu spolo\u010dnos\u0165 a popri tom v\u0161etkom spolu s man\u017eelkou vychov\u00e1va syna v Trnave.<\/p>\n\n\n\n<p>V rozhovore n\u00e1m Martin prezrad\u00ed nie\u010do o svojej osobnej ceste viery a aj o jeho motiv\u00e1cii pracova\u0165 pre podporu LGBT+ os\u00f4b. V predviano\u010dnom obdob\u00ed plnom odkazov na trad\u00edcie si budeme m\u00f4c\u0165 vypo\u010du\u0165 aj jeho povzbudiv\u00e9 slov\u00e1 sk\u00fasen\u00e9ho duchovn\u00e9ho a tak mo\u017eno zak\u00fasi\u0165, ako by mohlo vyzera\u0165 skuto\u010dne inkluz\u00edvne posolstvo viano\u010dn\u00e9ho pr\u00edbehu narodenia Je\u017ei\u0161a Krista.<\/p>\n\n\n\n<p>Rozhovor viedol Miro Ma\u0165avka, jeden z dobrovo\u013en\u00edkov v&nbsp;<a rel=\"noreferrer noopener\" href=\"https:\/\/duhovi-krestania.sk\/\" target=\"_blank\">SIGNUM \u2013 D\u00fahov\u00ed kres\u0165ania<\/a>. \u0160peci\u00e1lne vydanie Teplej vlny si m\u00f4\u017eete vypo\u010du\u0165 na podcastov\u00fdch platform\u00e1ch&nbsp;<a rel=\"noreferrer noopener\" href=\"https:\/\/www.podbean.com\/ew\/pb-p7ksn-13402e7\" target=\"_blank\">PodBean<\/a>,&nbsp;<a rel=\"noreferrer noopener\" href=\"https:\/\/open.spotify.com\/episode\/1giH7MRMvPoKEAo3yUTMFd?si=LwOTs5ERSV6Wna1K4D_LxQ\" target=\"_blank\">Spotify<\/a>&nbsp;alebo&nbsp;<a rel=\"noreferrer noopener\" href=\"https:\/\/podcasts.apple.com\/sk\/podcast\/duchovn%C3%BD-martin-kov%C3%A1%C4%8D-o-inkluz%C3%ADvnom-posolstve-viano%C4%8Dn%C3%A9ho\/id1507703606?i=1000590602509\" target=\"_blank\">Apple <\/a><a href=\"https:\/\/podcasts.apple.com\/sk\/podcast\/duchovn%C3%BD-martin-kov%C3%A1%C4%8D-o-inkluz%C3%ADvnom-posolstve-viano%C4%8Dn%C3%A9ho\/id1507703606?i=1000590602509\" target=\"_blank\" rel=\"noreferrer noopener\">P<\/a><a rel=\"noreferrer noopener\" href=\"https:\/\/podcasts.apple.com\/sk\/podcast\/duchovn%C3%BD-martin-kov%C3%A1%C4%8D-o-inkluz%C3%ADvnom-posolstve-viano%C4%8Dn%C3%A9ho\/id1507703606?i=1000590602509\" target=\"_blank\">odcasts<\/a>.<\/p>\n","protected":false},"excerpt":{"rendered":"<p>V \u0161peci\u00e1lnom vydan\u00ed Teplej vlny sa v spolupr\u00e1ci so spolo\u010denstvom SIGNUM &#8211; D\u00fahov\u00ed kres\u0165ania zaober\u00e1me spojeniu viery a inakosti. V tre\u0165om rozhovore tohto \u0161peci\u00e1lneho vydania sme priv\u00edtali Martina Kov\u00e1\u010da, ktor\u00fd <a href=\"https:\/\/duhovyrok.sk\/tepla-vlna\/2022\/12\/19\/tepla-vlna-special-duchovny-martin-kovac-o-inkluzivnom-posolstve-vianocneho-pribehu\/\" class=\"more-link\">&#8230;<\/a><\/p>\n","protected":false},"author":9,"featured_media":1645,"comment_status":"closed","ping_status":"open","sticky":false,"template":"","format":"standard","meta":{"footnotes":""},"categories":[3,2],"tags":[189,99,206,198,67,200,188,197],"class_list":["post-1981","post","type-post","status-publish","format-standard","has-post-thumbnail","hentry","category-novinky","category-tepla-vlna","tag-duhovi-krestania","tag-from-tepla-vlna","tag-martin-kovac","tag-miro-matavka","tag-rodova-identita","tag-sexualna-orientacia","tag-signum","tag-tepla-vlna-special"],"_links":{"self":[{"href":"https:\/\/duhovyrok.sk\/tepla-vlna\/wp-json\/wp\/v2\/posts\/1981","targetHints":{"allow":["GET"]}}],"collection":[{"href":"https:\/\/duhovyrok.sk\/tepla-vlna\/wp-json\/wp\/v2\/posts"}],"about":[{"href":"https:\/\/duhovyrok.sk\/tepla-vlna\/wp-json\/wp\/v2\/types\/post"}],"author":[{"embeddable":true,"href":"https:\/\/duhovyrok.sk\/tepla-vlna\/wp-json\/wp\/v2\/users\/9"}],"replies":[{"embeddable":true,"href":"https:\/\/duhovyrok.sk\/tepla-vlna\/wp-json\/wp\/v2\/comments?post=1981"}],"version-history":[{"count":2,"href":"https:\/\/duhovyrok.sk\/tepla-vlna\/wp-json\/wp\/v2\/posts\/1981\/revisions"}],"predecessor-version":[{"id":1983,"href":"https:\/\/duhovyrok.sk\/tepla-vlna\/wp-json\/wp\/v2\/posts\/1981\/revisions\/1983"}],"wp:featuredmedia":[{"embeddable":true,"href":"https:\/\/duhovyrok.sk\/tepla-vlna\/wp-json\/wp\/v2\/media\/1645"}],"wp:attachment":[{"href":"https:\/\/duhovyrok.sk\/tepla-vlna\/wp-json\/wp\/v2\/media?parent=1981"}],"wp:term":[{"taxonomy":"category","embeddable":true,"href":"https:\/\/duhovyrok.sk\/tepla-vlna\/wp-json\/wp\/v2\/categories?post=1981"},{"taxonomy":"post_tag","embeddable":true,"href":"https:\/\/duhovyrok.sk\/tepla-vlna\/wp-json\/wp\/v2\/tags?post=1981"}],"curies":[{"name":"wp","href":"https:\/\/api.w.org\/{rel}","templated":true}]}}