{"id":1971,"date":"2022-12-07T06:22:00","date_gmt":"2022-12-07T05:22:00","guid":{"rendered":"https:\/\/duhovyrok.sk\/tepla-vlna\/?p=1971"},"modified":"2022-12-07T07:46:04","modified_gmt":"2022-12-07T06:46:04","slug":"tepla-vlna-hovorca-prezidentky-strizinec-citi-nadej-ze-sa-situacia-queer-ludi-zmeni","status":"publish","type":"post","link":"https:\/\/duhovyrok.sk\/tepla-vlna\/2022\/12\/07\/tepla-vlna-hovorca-prezidentky-strizinec-citi-nadej-ze-sa-situacia-queer-ludi-zmeni\/","title":{"rendered":"Tepl\u00e1 vlna: Hovorca prezidentky Stri\u017einec c\u00edti n\u00e1dej, \u017ee sa situ\u00e1cia queer \u013eud\u00ed zmen\u00ed"},"content":{"rendered":"\n<p>Ke\u010f sa dopo\u010dul o stre\u013ebe na Z\u00e1mockej, spomenul si na 90. roky, ke\u010f boli v Bratislave be\u017en\u00e9 mafi\u00e1nske vra\u017edy. Hovorca prezidentky Martin Stri\u017einec sledoval potom spr\u00e1vy dlho do noci, lebo tu\u0161il, \u017ee ovplyvnia jeho \u010fal\u0161\u00ed pracovn\u00fd de\u0148. Tu\u0161il, \u017ee nen\u00e1vistn\u00fd zlo\u010din zmen\u00ed dynamiku spolo\u010dnosti a \u017ee bude mi\u013en\u00edkom v modern\u00fdch dejin\u00e1ch krajiny.<\/p>\n\n\n\n<p>Kr\u00e1tko na to sa rozhodol pre verejn\u00fd coming-out. V novej epiz\u00f3de Teplej vlny hodnot\u00ed spolo\u010densk\u00fa situ\u00e1ciu po vra\u017ed\u00e1ch pred Tepl\u00e1r\u0148ou. Vn\u00edma, \u017ee sa nie\u010do zmenilo a c\u00edti n\u00e1dej, \u017ee napriek bolesti sa to na Slovensku pre queer \u013eud\u00ed zmen\u00ed. Ako si spom\u00edna na niekdaj\u0161ie bratislavsk\u00e9 gej kluby? A bolo v nie\u010dom n\u00e1ro\u010dn\u00e9 by\u0165 gejom vo verejnopr\u00e1vnej telev\u00edzii?<\/p>\n\n\n\n<p>Epiz\u00f3du sme nahr\u00e1vali na\u017eivo. Nov\u00fd diel Teplej vlny si m\u00f4\u017eete pozrie\u0165 ni\u017e\u0161ie na <a href=\"https:\/\/youtu.be\/lvWqMPrVX-k\" target=\"_blank\" rel=\"noreferrer noopener\">YouTube<\/a> alebo vypo\u010du\u0165 na podcastov\u00fdch platform\u00e1ch <a href=\"https:\/\/www.sme.sk\/aut\/407\/marek-hudec\" target=\"_blank\" rel=\"noreferrer noopener\">SME<\/a>, <a href=\"https:\/\/www.podbean.com\/ew\/pb-7p4vz-13305f3\" target=\"_blank\" rel=\"noreferrer noopener\">PodBean<\/a>, <a href=\"https:\/\/open.spotify.com\/episode\/6dNyNUnSJbHdr0eLC25ZA4?si=OMZHneSTQRWSp6yLbqRH7w\" target=\"_blank\" rel=\"noreferrer noopener\">Spotify<\/a> alebo <a href=\"https:\/\/podcasts.apple.com\/sk\/podcast\/hovorca-prezidentky-stri%C5%BEinec-c%C3%ADtim-n%C3%A1dej-%C5%BEe-sa-situ%C3%A1cia\/id1507703606?i=1000588996529\" target=\"_blank\" rel=\"noreferrer noopener\">Apple Podcasts<\/a>.  <\/p>\n\n\n\n<figure class=\"wp-block-embed is-type-video is-provider-youtube wp-block-embed-youtube wp-embed-aspect-16-9 wp-has-aspect-ratio\"><div class=\"wp-block-embed__wrapper\">\n<iframe loading=\"lazy\" title=\"Tepl\u00e1 vlna: Hovorca prezidentky Stri\u017einec c\u00edti n\u00e1dej, \u017ee sa situ\u00e1cia queer \u013eud\u00ed zmen\u00ed\" width=\"1778\" height=\"1000\" src=\"https:\/\/www.youtube.com\/embed\/lvWqMPrVX-k?feature=oembed\" frameborder=\"0\" allow=\"accelerometer; autoplay; clipboard-write; encrypted-media; gyroscope; picture-in-picture\" allowfullscreen><\/iframe>\n<\/div><\/figure>\n\n\n\n<p>Tepl\u00e1 vlna je podcast Divadla NOMANTINELS, v ktorom sa rozpr\u00e1vame so zauj\u00edmav\u00fdmi osobnos\u0165ami a \u013eu\u010fmi zo slovenskej queer komunity o ich \u017eivote, in\u0161pirat\u00edvnych veciach, ktor\u00fdmi sa zaoberaj\u00fa a odvahe, ktor\u00e1 im pomohla prekona\u0165 predsudky okolia. Rozhovory moderuje Andrej Kuruc, Liberty Blake Simon a Marek Hudec.<\/p>\n\n\n\n<p>Foto: Jakub Kov\u00e1\u010d<\/p>\n","protected":false},"excerpt":{"rendered":"<p>Ke\u010f sa dopo\u010dul o stre\u013ebe na Z\u00e1mockej, spomenul si na 90. roky, ke\u010f boli v Bratislave be\u017en\u00e9 mafi\u00e1nske vra\u017edy. Hovorca prezidentky Martin Stri\u017einec sledoval potom spr\u00e1vy dlho do noci, lebo <a href=\"https:\/\/duhovyrok.sk\/tepla-vlna\/2022\/12\/07\/tepla-vlna-hovorca-prezidentky-strizinec-citi-nadej-ze-sa-situacia-queer-ludi-zmeni\/\" class=\"more-link\">&#8230;<\/a><\/p>\n","protected":false},"author":9,"featured_media":1972,"comment_status":"closed","ping_status":"open","sticky":false,"template":"","format":"standard","meta":{"footnotes":""},"categories":[3,2],"tags":[93,99,61,204,194,5],"class_list":["post-1971","post","type-post","status-publish","format-standard","has-post-thumbnail","hentry","category-novinky","category-tepla-vlna","tag-comingout","tag-from-tepla-vlna","tag-marek-hudec","tag-martin-strizinec","tag-rozhovor","tag-tepla-vlna"],"_links":{"self":[{"href":"https:\/\/duhovyrok.sk\/tepla-vlna\/wp-json\/wp\/v2\/posts\/1971","targetHints":{"allow":["GET"]}}],"collection":[{"href":"https:\/\/duhovyrok.sk\/tepla-vlna\/wp-json\/wp\/v2\/posts"}],"about":[{"href":"https:\/\/duhovyrok.sk\/tepla-vlna\/wp-json\/wp\/v2\/types\/post"}],"author":[{"embeddable":true,"href":"https:\/\/duhovyrok.sk\/tepla-vlna\/wp-json\/wp\/v2\/users\/9"}],"replies":[{"embeddable":true,"href":"https:\/\/duhovyrok.sk\/tepla-vlna\/wp-json\/wp\/v2\/comments?post=1971"}],"version-history":[{"count":2,"href":"https:\/\/duhovyrok.sk\/tepla-vlna\/wp-json\/wp\/v2\/posts\/1971\/revisions"}],"predecessor-version":[{"id":1974,"href":"https:\/\/duhovyrok.sk\/tepla-vlna\/wp-json\/wp\/v2\/posts\/1971\/revisions\/1974"}],"wp:featuredmedia":[{"embeddable":true,"href":"https:\/\/duhovyrok.sk\/tepla-vlna\/wp-json\/wp\/v2\/media\/1972"}],"wp:attachment":[{"href":"https:\/\/duhovyrok.sk\/tepla-vlna\/wp-json\/wp\/v2\/media?parent=1971"}],"wp:term":[{"taxonomy":"category","embeddable":true,"href":"https:\/\/duhovyrok.sk\/tepla-vlna\/wp-json\/wp\/v2\/categories?post=1971"},{"taxonomy":"post_tag","embeddable":true,"href":"https:\/\/duhovyrok.sk\/tepla-vlna\/wp-json\/wp\/v2\/tags?post=1971"}],"curies":[{"name":"wp","href":"https:\/\/api.w.org\/{rel}","templated":true}]}}