{"id":1965,"date":"2022-11-30T16:03:01","date_gmt":"2022-11-30T15:03:01","guid":{"rendered":"https:\/\/duhovyrok.sk\/tepla-vlna\/?p=1965"},"modified":"2022-11-30T16:03:53","modified_gmt":"2022-11-30T15:03:53","slug":"iva-z-teplarne-spomina-na-blizkych-matusa-a-juraja","status":"publish","type":"post","link":"https:\/\/duhovyrok.sk\/tepla-vlna\/2022\/11\/30\/iva-z-teplarne-spomina-na-blizkych-matusa-a-juraja\/","title":{"rendered":"Tepl\u00e1 vlna: Iva z Tepl\u00e1rne spom\u00edna na bl\u00edzkych Mat\u00fa\u0161a a Juraja"},"content":{"rendered":"\n<p>Iva pri\u0161la do Tepl\u00e1rne \u00faplnou n\u00e1hodou, dozvedela sa o&nbsp;nej cez kamar\u00e1ta, ktor\u00fd tam u\u017e pracoval. Na z\u00e1cviku s\u00edce rozbila f\u013ea\u0161u, ale nakoniec bola prijat\u00e1. Spom\u00edna na to, ako sa s&nbsp;komunitou okolo podniku spoznali a&nbsp;c\u00edtili sa slobodne. Pracuje v&nbsp;nej st\u00e1le ako prev\u00e1dzkarka a&nbsp;z\u00e1rove\u0148 kon\u010d\u00ed posledn\u00fd ro\u010dn\u00edk psychol\u00f3gie.<\/p>\n\n\n\n<p>V&nbsp;rozhovore &nbsp;pribli\u017euje aj svoj bl\u00edzky vz\u0165ah s&nbsp;Mat\u00fa\u0161om a&nbsp;Jurajom, st\u00e1le na nich spom\u00edna. Rozpr\u00e1va tie\u017e o&nbsp;tom, ako pre\u017e\u00edvala, ke\u010f sa dozvedela o&nbsp;\u00fatoku na Tepl\u00e1re\u0148 aj o&nbsp;tom, \u010do jej v \u0165a\u017ek\u00fdch chv\u00ed\u013each pomohlo.<\/p>\n\n\n\n<p>V&nbsp;Tepl\u00e1rni si s&nbsp;kamar\u00e1tmi a&nbsp;kamar\u00e1tkami vytvorili siln\u00fa komunitu, ktor\u00e1 sa vz\u00e1jomne podporuje. Roman Samotn\u00fd majite\u013e Tepl\u00e1rne bol pre \u0148u ve\u013ekou oporou a&nbsp;in\u0161pir\u00e1ciou. V&nbsp;bud\u00facnosti si Iva pl\u00e1nuje dopria\u0165 oddych, ale st\u00e1le bude robi\u0165 v\u0161etko preto, aby nastala zmena v&nbsp;re\u0161pekte vo\u010di LGBTI+ \u013eu\u010fom.<\/p>\n\n\n\n<p>Epiz\u00f3du sme nahr\u00e1vali na\u017eivo. Aktu\u00e1lny diel Teplej vlny n\u00e1jdete na <a href=\"https:\/\/www.youtube.com\/@NOMANTINELS\" target=\"_blank\" rel=\"noreferrer noopener\">YouTube<\/a> alebo na potcastov\u00fdch platform\u00e1ch <a href=\"https:\/\/podcasty.sme.sk\/c\/23082601\/v-teplarni-som-nasla-svoju-rodinu-hovori-prevadzkarka-iva.html\" target=\"_blank\" rel=\"noreferrer noopener\">SME<\/a>, <a href=\"https:\/\/open.spotify.com\/episode\/10A5rr7Q9Wx45H2zICiICo?si=fsnd4tqxTYW5AHJtXFd-ug\" target=\"_blank\" rel=\"noreferrer noopener\">Spotify<\/a>, <a rel=\"noreferrer noopener\" href=\"https:\/\/www.podbean.com\/ew\/pb-8cd94-1327477\" target=\"_blank\">PodBean<\/a> a <a href=\"https:\/\/podcasts.apple.com\/sk\/podcast\/iva-z-tepl%C3%A1rne-spom%C3%ADna-na-bl%C3%ADzkych-mat%C3%BA%C5%A1a-a-juraja\/id1507703606?i=1000587896906\" target=\"_blank\" rel=\"noreferrer noopener\">Apple Podcasts<\/a>.<\/p>\n\n\n\n<p>Tepl\u00e1 vlna je podcast Divadla NOMANTINELS, v ktorom sa rozpr\u00e1vame so zauj\u00edmav\u00fdmi osobnos\u0165ami a \u013eu\u010fmi zo slovenskej queer komunity o ich \u017eivote, in\u0161pirat\u00edvnych veciach, ktor\u00fdmi sa zaoberaj\u00fa a odvahe, ktor\u00e1 im pomohla prekona\u0165 predsudky okolia. Rozhovory moderuje Andrej Kuruc a Marek Hudec.<\/p>\n\n\n\n<p>Foto: Jakub Kov\u00e1\u010d<\/p>\n","protected":false},"excerpt":{"rendered":"<p>Iva pri\u0161la do Tepl\u00e1rne \u00faplnou n\u00e1hodou, dozvedela sa o&nbsp;nej cez kamar\u00e1ta, ktor\u00fd tam u\u017e pracoval. Na z\u00e1cviku s\u00edce rozbila f\u013ea\u0161u, ale nakoniec bola prijat\u00e1. Spom\u00edna na to, ako sa s&nbsp;komunitou <a href=\"https:\/\/duhovyrok.sk\/tepla-vlna\/2022\/11\/30\/iva-z-teplarne-spomina-na-blizkych-matusa-a-juraja\/\" class=\"more-link\">&#8230;<\/a><\/p>\n","protected":false},"author":9,"featured_media":1966,"comment_status":"closed","ping_status":"open","sticky":false,"template":"","format":"standard","meta":{"footnotes":""},"categories":[3,2],"tags":[18,129,99,201,60,203,23,5,202],"class_list":["post-1965","post","type-post","status-publish","format-standard","has-post-thumbnail","hentry","category-novinky","category-tepla-vlna","tag-andrej-kuruc","tag-filmovy-festival-inakosti","tag-from-tepla-vlna","tag-iva","tag-lgbt","tag-matus-a-juraj","tag-queer","tag-tepla-vlna","tag-teplaren"],"_links":{"self":[{"href":"https:\/\/duhovyrok.sk\/tepla-vlna\/wp-json\/wp\/v2\/posts\/1965","targetHints":{"allow":["GET"]}}],"collection":[{"href":"https:\/\/duhovyrok.sk\/tepla-vlna\/wp-json\/wp\/v2\/posts"}],"about":[{"href":"https:\/\/duhovyrok.sk\/tepla-vlna\/wp-json\/wp\/v2\/types\/post"}],"author":[{"embeddable":true,"href":"https:\/\/duhovyrok.sk\/tepla-vlna\/wp-json\/wp\/v2\/users\/9"}],"replies":[{"embeddable":true,"href":"https:\/\/duhovyrok.sk\/tepla-vlna\/wp-json\/wp\/v2\/comments?post=1965"}],"version-history":[{"count":3,"href":"https:\/\/duhovyrok.sk\/tepla-vlna\/wp-json\/wp\/v2\/posts\/1965\/revisions"}],"predecessor-version":[{"id":1969,"href":"https:\/\/duhovyrok.sk\/tepla-vlna\/wp-json\/wp\/v2\/posts\/1965\/revisions\/1969"}],"wp:featuredmedia":[{"embeddable":true,"href":"https:\/\/duhovyrok.sk\/tepla-vlna\/wp-json\/wp\/v2\/media\/1966"}],"wp:attachment":[{"href":"https:\/\/duhovyrok.sk\/tepla-vlna\/wp-json\/wp\/v2\/media?parent=1965"}],"wp:term":[{"taxonomy":"category","embeddable":true,"href":"https:\/\/duhovyrok.sk\/tepla-vlna\/wp-json\/wp\/v2\/categories?post=1965"},{"taxonomy":"post_tag","embeddable":true,"href":"https:\/\/duhovyrok.sk\/tepla-vlna\/wp-json\/wp\/v2\/tags?post=1965"}],"curies":[{"name":"wp","href":"https:\/\/api.w.org\/{rel}","templated":true}]}}