{"id":1961,"date":"2022-11-25T16:02:00","date_gmt":"2022-11-25T15:02:00","guid":{"rendered":"https:\/\/duhovyrok.sk\/tepla-vlna\/?p=1961"},"modified":"2022-12-19T10:42:39","modified_gmt":"2022-12-19T09:42:39","slug":"tepla-vlna-special-zakazali-jej-sviatost-lebo-zila-so-zenou-iv-poliakova-si-nasla-ine-cirkevne-spolocenstvo","status":"publish","type":"post","link":"https:\/\/duhovyrok.sk\/tepla-vlna\/2022\/11\/25\/tepla-vlna-special-zakazali-jej-sviatost-lebo-zila-so-zenou-iv-poliakova-si-nasla-ine-cirkevne-spolocenstvo\/","title":{"rendered":"Tepl\u00e1 vlna (\u0161peci\u00e1l): Zak\u00e1zali jej sviatos\u0165, lebo \u017eila so \u017eenou. Iv Poliakov\u00e1 si na\u0161la in\u00e9 cirkevn\u00e9 spolo\u010denstvo"},"content":{"rendered":"\n<p>V \u0161peci\u00e1lnom vydan\u00ed Teplej vlny chceme v spolupr\u00e1ci so spolo\u010denstvom <a href=\"https:\/\/duhovi-krestania.sk\/\" target=\"_blank\" rel=\"noreferrer noopener\">SIGNUM &#8211; D\u00fahov\u00ed kres\u0165ania<\/a> predstavi\u0165 najm\u00e4 osoby z LGBT+ komunity, ktor\u00e9 sa sna\u017eia o naplnen\u00e9 pre\u017e\u00edvanie svojej viery v Boha v plnom prijat\u00ed svojej sexu\u00e1lnej orient\u00e1cie \u010di rodovej identity.<\/p>\n\n\n\n<p>V druhom rozhovore tohto \u0161peci\u00e1lneho vydania sme sa s Iv Poliakovou t\u00e9maticky zamerali na aktu\u00e1lne obdobie adventu. V&nbsp;tomto \u010dase sa kres\u0165ansky veriace osoby pripravuj\u00fa na sl\u00e1venie narodenia Je\u017ei\u0161a Krista a&nbsp;zam\u00fd\u0161\u013eaj\u00fa sa, \u010do to vlastne pre nich znamen\u00e1&#8230;&nbsp;Pre LGBT+ veriace osoby na Slovensku je toto zam\u00fd\u0161\u013eanie o&nbsp;to n\u00e1ro\u010dnej\u0161ie, \u017ee zv\u00e4\u010d\u0161a nemaj\u00fa podporu v&nbsp;skuto\u010dne inkluz\u00edvnych kres\u0165ansk\u00fdch spolo\u010denstv\u00e1ch.<\/p>\n\n\n\n<p>Iv bolo v jej p\u00f4vodnom cirkevnom spolo\u010denstve napr\u00edklad zak\u00e1zan\u00e9 prij\u00edma\u0165 sviatos\u0165 len preto, \u017ee \u017eila so \u017eenou a n\u00e1sledne bola n\u00faten\u00e1 stiahnu\u0165 sa zo slu\u017eieb v jej miestnej cirkvi. Podporu v\u0161ak na\u0161la v spolo\u010denstve LGBT+ veriacich, ktor\u00ed jej pomohli n\u00e1js\u0165 nov\u00fd sp\u00f4sob anga\u017eovania sa a podpory v inkluz\u00edvnom kres\u0165anskom spolo\u010denstve, aj napriek ve\u013ekej vzdialenosti od jej bydliska.&nbsp;V na\u0161om rozhovore sa dozviete viac aj o jej osobnej duchovnej ceste od ateizmu k viere, \u010di o jej sk\u00fasenosti so zmenou cirkevn\u00e9ho spolo\u010denstva.<\/p>\n\n\n\n<p>Rozhovor viedol Miro Ma\u0165avka, jeden z dobrovo\u013en\u00edkov v <a href=\"https:\/\/duhovi-krestania.sk\/\" target=\"_blank\" rel=\"noreferrer noopener\">SIGNUM &#8211; D\u00fahov\u00ed kres\u0165ania<\/a>. \u0160peci\u00e1lne vydanie Teplej vlny si m\u00f4\u017eete vypo\u010du\u0165 na podcastov\u00fdch platform\u00e1ch&nbsp;<a rel=\"noreferrer noopener\" href=\"https:\/\/duhovyrok.podbean.com\/e\/zakazali-jej-sviatost-lebo-zila-so-zenou-iv-poliakova-si-nasla-ine-cirkevne-spolocenstvo\/\" target=\"_blank\">PodBean<\/a>, <a rel=\"noreferrer noopener\" href=\"https:\/\/open.spotify.com\/episode\/47Iafj7T4P5p3976Pu3scL\" target=\"_blank\">Spotify<\/a>&nbsp;alebo&nbsp;<a rel=\"noreferrer noopener\" href=\"https:\/\/podcasts.apple.com\/sk\/podcast\/zak%C3%A1zali-jej-sviatos%C5%A5-lebo-%C5%BEila-so-%C5%BEenou-iv-poliakov%C3%A1\/id1507703606?i=1000587475832\" target=\"_blank\">Apple podcasts<\/a>.<\/p>\n","protected":false},"excerpt":{"rendered":"<p>V \u0161peci\u00e1lnom vydan\u00ed Teplej vlny chceme v spolupr\u00e1ci so spolo\u010denstvom SIGNUM &#8211; D\u00fahov\u00ed kres\u0165ania predstavi\u0165 najm\u00e4 osoby z LGBT+ komunity, ktor\u00e9 sa sna\u017eia o naplnen\u00e9 pre\u017e\u00edvanie svojej viery v Boha <a href=\"https:\/\/duhovyrok.sk\/tepla-vlna\/2022\/11\/25\/tepla-vlna-special-zakazali-jej-sviatost-lebo-zila-so-zenou-iv-poliakova-si-nasla-ine-cirkevne-spolocenstvo\/\" class=\"more-link\">&#8230;<\/a><\/p>\n","protected":false},"author":9,"featured_media":1645,"comment_status":"closed","ping_status":"open","sticky":false,"template":"","format":"standard","meta":{"footnotes":""},"categories":[3,2],"tags":[189,99,199,198,23,67,200,188,187,197],"class_list":["post-1961","post","type-post","status-publish","format-standard","has-post-thumbnail","hentry","category-novinky","category-tepla-vlna","tag-duhovi-krestania","tag-from-tepla-vlna","tag-iv-poliakova","tag-miro-matavka","tag-queer","tag-rodova-identita","tag-sexualna-orientacia","tag-signum","tag-specialne-vydanie","tag-tepla-vlna-special"],"_links":{"self":[{"href":"https:\/\/duhovyrok.sk\/tepla-vlna\/wp-json\/wp\/v2\/posts\/1961","targetHints":{"allow":["GET"]}}],"collection":[{"href":"https:\/\/duhovyrok.sk\/tepla-vlna\/wp-json\/wp\/v2\/posts"}],"about":[{"href":"https:\/\/duhovyrok.sk\/tepla-vlna\/wp-json\/wp\/v2\/types\/post"}],"author":[{"embeddable":true,"href":"https:\/\/duhovyrok.sk\/tepla-vlna\/wp-json\/wp\/v2\/users\/9"}],"replies":[{"embeddable":true,"href":"https:\/\/duhovyrok.sk\/tepla-vlna\/wp-json\/wp\/v2\/comments?post=1961"}],"version-history":[{"count":3,"href":"https:\/\/duhovyrok.sk\/tepla-vlna\/wp-json\/wp\/v2\/posts\/1961\/revisions"}],"predecessor-version":[{"id":1964,"href":"https:\/\/duhovyrok.sk\/tepla-vlna\/wp-json\/wp\/v2\/posts\/1961\/revisions\/1964"}],"wp:featuredmedia":[{"embeddable":true,"href":"https:\/\/duhovyrok.sk\/tepla-vlna\/wp-json\/wp\/v2\/media\/1645"}],"wp:attachment":[{"href":"https:\/\/duhovyrok.sk\/tepla-vlna\/wp-json\/wp\/v2\/media?parent=1961"}],"wp:term":[{"taxonomy":"category","embeddable":true,"href":"https:\/\/duhovyrok.sk\/tepla-vlna\/wp-json\/wp\/v2\/categories?post=1961"},{"taxonomy":"post_tag","embeddable":true,"href":"https:\/\/duhovyrok.sk\/tepla-vlna\/wp-json\/wp\/v2\/tags?post=1961"}],"curies":[{"name":"wp","href":"https:\/\/api.w.org\/{rel}","templated":true}]}}