{"id":1948,"date":"2022-11-16T05:37:56","date_gmt":"2022-11-16T04:37:56","guid":{"rendered":"https:\/\/duhovyrok.sk\/tepla-vlna\/?p=1948"},"modified":"2022-11-16T05:38:34","modified_gmt":"2022-11-16T04:38:34","slug":"tepla-vlna-lubos-janak-alias-luis-rozprava-o-ceste-k-umeniu-a-queer-postavam","status":"publish","type":"post","link":"https:\/\/duhovyrok.sk\/tepla-vlna\/2022\/11\/16\/tepla-vlna-lubos-janak-alias-luis-rozprava-o-ceste-k-umeniu-a-queer-postavam\/","title":{"rendered":"Tepl\u00e1 vlna: \u013dubo\u0161 Jan\u00e1k alias Luis rozpr\u00e1va o ceste k umeniu a  queer postav\u00e1m"},"content":{"rendered":"\n<p>Vy\u0161tudoval hru na&nbsp;hoboji na \u0161t\u00e1tnom Konzervat\u00f3riu v&nbsp;Bratislave, sklad\u00e1&nbsp;vlastn\u00fa autorsk\u00fa hudbu. \u013dubo\u0161 Jan\u00e1k alias Luis skon\u010dil obor b\u00e1bkoherectvo na V\u0160MU. Vystupuje aj v \u010dinohern\u00fdch, kabaretn\u00fdch, a performat\u00edvnych vyst\u00fapeniach. V&nbsp;divadle Nomantinels v&nbsp;s\u00fa\u010dasnosti hr\u00e1 postavu b\u00e1snika v&nbsp;nav\u0161tevovanej &nbsp;inscen\u00e1cii Socializmus s&nbsp;teplou tv\u00e1rou.<\/p>\n\n\n\n<p>V&nbsp;Teplej vlne prezradil ako sa dostal k&nbsp;hre na hoboj a&nbsp;k&nbsp;b\u00e1bkohercovu.&nbsp; Pribli\u017euje ak\u00fd bol jeho coming-out, a&nbsp;ak\u00e9 nepr\u00edjemn\u00e9 veci za\u017eil zo strany svojho okolia, preto\u017ee je gej. Hovor\u00ed o&nbsp;vytv\u00e1ran\u00ed bezpe\u010dn\u00fdch miest v&nbsp;meste, kde mo\u017eno by\u0165 sam\u00fdm sebou. Tie\u017e pribli\u017euje spolupr\u00e1cu s&nbsp;divadlom Nomantinels a&nbsp;\u010fal\u0161ie pl\u00e1ny do bud\u00facnosti. &nbsp;<\/p>\n\n\n\n<p>Epiz\u00f3du sme nahr\u00e1vali e\u0161te v lete, pred vra\u017edami pred barom Tepl\u00e1re\u0148.<\/p>\n\n\n\n<p>Nov\u00fd diel Teplej vlny si m\u00f4\u017eete pozrie\u0165 ni\u017e\u0161ie na <a href=\"https:\/\/www.youtube.com\/user\/NOMANTINELS\" target=\"_blank\" rel=\"noreferrer noopener\">YouTube<\/a> alebo na podcastov\u00fdch platform\u00e1ch <a href=\"https:\/\/podcasty.sme.sk\/t\/8812\/sme-vyber-podcast?ref=temaclhlav\" target=\"_blank\" rel=\"noreferrer noopener\">SME<\/a>, <a href=\"https:\/\/duhovyrok.podbean.com\/\" target=\"_blank\" rel=\"noreferrer noopener\">PodBean<\/a>, <a href=\"https:\/\/open.spotify.com\/show\/599P3EfPaJIrYkhHnXwvKn\" target=\"_blank\" rel=\"noreferrer noopener\">Spotify<\/a> alebo <a href=\"https:\/\/podcasts.apple.com\/sk\/podcast\/tepl%C3%A1-vlna\/id1507703606\" target=\"_blank\" rel=\"noreferrer noopener\">Apple Podcasts<\/a>.<br><br>\u010c\u00edtajte viac:&nbsp;<a rel=\"noreferrer noopener\" href=\"https:\/\/podcasty.sme.sk\/c\/23059136\/jakub-spevak-ziskal-viacere-literarne-ocenenia-a-neboji-sa-prezentovat-svoju-queer-identitu.html\" target=\"_blank\">https:\/\/podcasty.sme.sk\/c\/23059136\/jakub-spevak-ziskal-viacere-literarne-ocenenia-a-neboji-sa-prezentovat-svoju-queer-identitu.html<\/a>&nbsp;&nbsp;<\/p>\n\n\n\n<p>Tepl\u00e1 vlna je podcast Divadla NOMANTINELS, v ktorom sa rozpr\u00e1vame so zauj\u00edmav\u00fdmi osobnos\u0165ami a \u013eu\u010fmi zo slovenskej queer komunity o ich \u017eivote, in\u0161pirat\u00edvnych veciach, ktor\u00fdmi sa zaoberaj\u00fa a odvahe, ktor\u00e1 im pomohla prekona\u0165 predsudky okolia. Rozhovory moderuje Andrej Kuruc a Marek\u00a0Hudec.<\/p>\n\n\n\n<p>Foto: Jakub Kov\u00e1\u010d<\/p>\n","protected":false},"excerpt":{"rendered":"<p>Vy\u0161tudoval hru na&nbsp;hoboji na \u0161t\u00e1tnom Konzervat\u00f3riu v&nbsp;Bratislave, sklad\u00e1&nbsp;vlastn\u00fa autorsk\u00fa hudbu. \u013dubo\u0161 Jan\u00e1k alias Luis skon\u010dil obor b\u00e1bkoherectvo na V\u0160MU. Vystupuje aj v \u010dinohern\u00fdch, kabaretn\u00fdch, a performat\u00edvnych vyst\u00fapeniach. V&nbsp;divadle Nomantinels v&nbsp;s\u00fa\u010dasnosti <a href=\"https:\/\/duhovyrok.sk\/tepla-vlna\/2022\/11\/16\/tepla-vlna-lubos-janak-alias-luis-rozprava-o-ceste-k-umeniu-a-queer-postavam\/\" class=\"more-link\">&#8230;<\/a><\/p>\n","protected":false},"author":9,"featured_media":1949,"comment_status":"closed","ping_status":"open","sticky":false,"template":"","format":"standard","meta":{"footnotes":""},"categories":[3,2],"tags":[18,195,93,99,165,192,193,4,194,5],"class_list":["post-1948","post","type-post","status-publish","format-standard","has-post-thumbnail","hentry","category-novinky","category-tepla-vlna","tag-andrej-kuruc","tag-babkohrec","tag-comingout","tag-from-tepla-vlna","tag-gay","tag-lubos-janak","tag-luis","tag-podcast","tag-rozhovor","tag-tepla-vlna"],"_links":{"self":[{"href":"https:\/\/duhovyrok.sk\/tepla-vlna\/wp-json\/wp\/v2\/posts\/1948","targetHints":{"allow":["GET"]}}],"collection":[{"href":"https:\/\/duhovyrok.sk\/tepla-vlna\/wp-json\/wp\/v2\/posts"}],"about":[{"href":"https:\/\/duhovyrok.sk\/tepla-vlna\/wp-json\/wp\/v2\/types\/post"}],"author":[{"embeddable":true,"href":"https:\/\/duhovyrok.sk\/tepla-vlna\/wp-json\/wp\/v2\/users\/9"}],"replies":[{"embeddable":true,"href":"https:\/\/duhovyrok.sk\/tepla-vlna\/wp-json\/wp\/v2\/comments?post=1948"}],"version-history":[{"count":2,"href":"https:\/\/duhovyrok.sk\/tepla-vlna\/wp-json\/wp\/v2\/posts\/1948\/revisions"}],"predecessor-version":[{"id":1951,"href":"https:\/\/duhovyrok.sk\/tepla-vlna\/wp-json\/wp\/v2\/posts\/1948\/revisions\/1951"}],"wp:featuredmedia":[{"embeddable":true,"href":"https:\/\/duhovyrok.sk\/tepla-vlna\/wp-json\/wp\/v2\/media\/1949"}],"wp:attachment":[{"href":"https:\/\/duhovyrok.sk\/tepla-vlna\/wp-json\/wp\/v2\/media?parent=1948"}],"wp:term":[{"taxonomy":"category","embeddable":true,"href":"https:\/\/duhovyrok.sk\/tepla-vlna\/wp-json\/wp\/v2\/categories?post=1948"},{"taxonomy":"post_tag","embeddable":true,"href":"https:\/\/duhovyrok.sk\/tepla-vlna\/wp-json\/wp\/v2\/tags?post=1948"}],"curies":[{"name":"wp","href":"https:\/\/api.w.org\/{rel}","templated":true}]}}