{"id":1943,"date":"2022-11-13T10:43:21","date_gmt":"2022-11-13T09:43:21","guid":{"rendered":"https:\/\/duhovyrok.sk\/tepla-vlna\/?p=1943"},"modified":"2022-11-25T14:09:06","modified_gmt":"2022-11-25T13:09:06","slug":"tepla-vlna-special-martina-bednar-po-skusenosti-s-rodovou-tranziciou-opustila-cirkev-ale-nie-vieru","status":"publish","type":"post","link":"https:\/\/duhovyrok.sk\/tepla-vlna\/2022\/11\/13\/tepla-vlna-special-martina-bednar-po-skusenosti-s-rodovou-tranziciou-opustila-cirkev-ale-nie-vieru\/","title":{"rendered":"Tepl\u00e1 vlna (\u0161peci\u00e1l): Martina Bedn\u00e1r po sk\u00fasenosti s rodovou tranz\u00edciou opustila cirkev, ale nie vieru"},"content":{"rendered":"\n<p>V \u0161peci\u00e1lnom vydan\u00ed teplej vlny chceme v spolupr\u00e1ci so spolo\u010denstvom <a href=\"https:\/\/duhovi-krestania.sk\/\" target=\"_blank\" rel=\"noreferrer noopener\">SIGNUM &#8211; D\u00fahov\u00ed kres\u0165ania<\/a> predstavi\u0165 najm\u00e4 osoby z LGBT+ komunity, ktor\u00e9 sa sna\u017eia o naplnen\u00e9 pre\u017e\u00edvanie svojej viery v Boha v plnom prijat\u00ed svojej sexu\u00e1lnej orient\u00e1cie \u010di rodovej identity.<\/p>\n\n\n\n<p>V prvom vydan\u00ed sme sa v rozhovore s Martinou Bedn\u00e1r t\u00e9maticky zamerali na zvy\u0161ovanie povedomia o transrodovosti najm\u00e4 preto, \u017ee si 20. novembra budeme pripom\u00edna\u0165 Transgender Day of Remembrance. V tento de\u0148 si pripom\u00edname trans osoby, ktor\u00e9 odi\u0161li z tohto sveta.<\/p>\n\n\n\n<p>Martina si pre\u0161la sk\u00fasenos\u0165ou rodovej tranz\u00edcie a aj v\u010faka tomu opustila svoju cirkev \u010di svoju domovinu. Popri pr\u00e1ci v glob\u00e1lnej softv\u00e9rovej firme sa anga\u017euje v liber\u00e1lnej politike, pracuje pre zdru\u017eenie d\u00fahov\u00fdch rod\u00edn a hl\u00e1si sa k starokatol\u00edckej trad\u00edcii. Jej pr\u00edbeh ste mohli u\u017e trochu spozna\u0165 aj v niektor\u00fdch jej ned\u00e1vnych medi\u00e1lnych v\u00fdstupoch.<\/p>\n\n\n\n<p>V na\u0161om rozhovore sa dozviete viac o jej osobnej duchovnej ceste od n\u00e1bo\u017eenstva k viere, \u010di o jej prekon\u00e1van\u00ed vlastnej internalizovanej transf\u00f3bie podnecovanej cirkevnou komunitou. Rozhovor sme nahr\u00e1vali v priestoroch mesta Bratislava, kde spolo\u010denstvo Starokatol\u00edkov v Bratislave na\u0161lo spolu s Martinou svoj domov. Rozhovor viedol Miro Ma\u0165avka, jeden z dobrovo\u013en\u00edkov v SIGNUM &#8211; D\u00fahov\u00ed kres\u0165ania.<\/p>\n\n\n\n<p>\u0160peci\u00e1lne vydanie Teplej vlny si m\u00f4\u017eete vypo\u010du\u0165 na podcastov\u00fdch platform\u00e1ch <a rel=\"noreferrer noopener\" href=\"https:\/\/open.spotify.com\/episode\/3Xmnj0fyy4hXiS9YKHqzXg?si=b9305988a5124d60\" target=\"_blank\">Spotify<\/a>, <a rel=\"noreferrer noopener\" href=\"https:\/\/www.podbean.com\/ew\/pb-dxny8-1310138\" target=\"_blank\">PodBean<\/a> alebo <a rel=\"noreferrer noopener\" href=\"https:\/\/podcasts.apple.com\/sk\/podcast\/martina-bedn%C3%A1r-po-sk%C3%BAsenosti-s-rodovou-tranz%C3%ADciou-opustila\/id1507703606?i=1000585859529\" target=\"_blank\">Apple podcasts<\/a>. <\/p>\n","protected":false},"excerpt":{"rendered":"<p>V \u0161peci\u00e1lnom vydan\u00ed teplej vlny chceme v spolupr\u00e1ci so spolo\u010denstvom SIGNUM &#8211; D\u00fahov\u00ed kres\u0165ania predstavi\u0165 najm\u00e4 osoby z LGBT+ komunity, ktor\u00e9 sa sna\u017eia o naplnen\u00e9 pre\u017e\u00edvanie svojej viery v Boha <a href=\"https:\/\/duhovyrok.sk\/tepla-vlna\/2022\/11\/13\/tepla-vlna-special-martina-bednar-po-skusenosti-s-rodovou-tranziciou-opustila-cirkev-ale-nie-vieru\/\" class=\"more-link\">&#8230;<\/a><\/p>\n","protected":false},"author":9,"featured_media":1645,"comment_status":"closed","ping_status":"open","sticky":false,"template":"","format":"standard","meta":{"footnotes":""},"categories":[3,2],"tags":[189,99,190,198,188,187,5,197,69,70,191],"class_list":["post-1943","post","type-post","status-publish","format-standard","has-post-thumbnail","hentry","category-novinky","category-tepla-vlna","tag-duhovi-krestania","tag-from-tepla-vlna","tag-martina-bednar","tag-miro-matavka","tag-signum","tag-specialne-vydanie","tag-tepla-vlna","tag-tepla-vlna-special","tag-transrodovi-ludia","tag-transrodovost","tag-viera"],"_links":{"self":[{"href":"https:\/\/duhovyrok.sk\/tepla-vlna\/wp-json\/wp\/v2\/posts\/1943","targetHints":{"allow":["GET"]}}],"collection":[{"href":"https:\/\/duhovyrok.sk\/tepla-vlna\/wp-json\/wp\/v2\/posts"}],"about":[{"href":"https:\/\/duhovyrok.sk\/tepla-vlna\/wp-json\/wp\/v2\/types\/post"}],"author":[{"embeddable":true,"href":"https:\/\/duhovyrok.sk\/tepla-vlna\/wp-json\/wp\/v2\/users\/9"}],"replies":[{"embeddable":true,"href":"https:\/\/duhovyrok.sk\/tepla-vlna\/wp-json\/wp\/v2\/comments?post=1943"}],"version-history":[{"count":3,"href":"https:\/\/duhovyrok.sk\/tepla-vlna\/wp-json\/wp\/v2\/posts\/1943\/revisions"}],"predecessor-version":[{"id":1947,"href":"https:\/\/duhovyrok.sk\/tepla-vlna\/wp-json\/wp\/v2\/posts\/1943\/revisions\/1947"}],"wp:featuredmedia":[{"embeddable":true,"href":"https:\/\/duhovyrok.sk\/tepla-vlna\/wp-json\/wp\/v2\/media\/1645"}],"wp:attachment":[{"href":"https:\/\/duhovyrok.sk\/tepla-vlna\/wp-json\/wp\/v2\/media?parent=1943"}],"wp:term":[{"taxonomy":"category","embeddable":true,"href":"https:\/\/duhovyrok.sk\/tepla-vlna\/wp-json\/wp\/v2\/categories?post=1943"},{"taxonomy":"post_tag","embeddable":true,"href":"https:\/\/duhovyrok.sk\/tepla-vlna\/wp-json\/wp\/v2\/tags?post=1943"}],"curies":[{"name":"wp","href":"https:\/\/api.w.org\/{rel}","templated":true}]}}