{"id":1936,"date":"2022-11-01T14:46:00","date_gmt":"2022-11-01T13:46:00","guid":{"rendered":"https:\/\/duhovyrok.sk\/tepla-vlna\/?p=1936"},"modified":"2022-11-07T14:51:17","modified_gmt":"2022-11-07T13:51:17","slug":"v-teplej-vlne-spisovatel-jakub-spevak","status":"publish","type":"post","link":"https:\/\/duhovyrok.sk\/tepla-vlna\/2022\/11\/01\/v-teplej-vlne-spisovatel-jakub-spevak\/","title":{"rendered":"V Teplej vlne spisovate\u013e Jakub Spev\u00e1k"},"content":{"rendered":"\n<p>V \u010fal\u0161om diely Teplej vlny priv\u00edtame n\u00e1dejn\u00e9ho queer autora Jakuba Spev\u00e1ka, ktor\u00fd pred ned\u00e1vnom vydal debutov\u00fa knihu Po funuse. V s\u00fa\u010dasnosti pracuje ako programov\u00fd dramaturg a kur\u00e1tor na Medzin\u00e1rodnom festivale animovan\u00fdch filmov Fest An\u010da.<\/p>\n\n\n\n<p>Foto: Jakub Kov\u00e1\u010d<\/p>\n","protected":false},"excerpt":{"rendered":"<p>V \u010fal\u0161om diely Teplej vlny priv\u00edtame n\u00e1dejn\u00e9ho queer autora Jakuba Spev\u00e1ka, ktor\u00fd pred ned\u00e1vnom vydal debutov\u00fa knihu Po funuse. V s\u00fa\u010dasnosti pracuje ako programov\u00fd dramaturg a kur\u00e1tor na Medzin\u00e1rodnom festivale <a href=\"https:\/\/duhovyrok.sk\/tepla-vlna\/2022\/11\/01\/v-teplej-vlne-spisovatel-jakub-spevak\/\" class=\"more-link\">&#8230;<\/a><\/p>\n","protected":false},"author":9,"featured_media":1931,"comment_status":"closed","ping_status":"open","sticky":false,"template":"","format":"standard","meta":{"footnotes":""},"categories":[3,2],"tags":[99,177,181,114],"class_list":["post-1936","post","type-post","status-publish","format-standard","has-post-thumbnail","hentry","category-novinky","category-tepla-vlna","tag-from-tepla-vlna","tag-jakub-spevak","tag-po-funuse","tag-pozvanka"],"_links":{"self":[{"href":"https:\/\/duhovyrok.sk\/tepla-vlna\/wp-json\/wp\/v2\/posts\/1936","targetHints":{"allow":["GET"]}}],"collection":[{"href":"https:\/\/duhovyrok.sk\/tepla-vlna\/wp-json\/wp\/v2\/posts"}],"about":[{"href":"https:\/\/duhovyrok.sk\/tepla-vlna\/wp-json\/wp\/v2\/types\/post"}],"author":[{"embeddable":true,"href":"https:\/\/duhovyrok.sk\/tepla-vlna\/wp-json\/wp\/v2\/users\/9"}],"replies":[{"embeddable":true,"href":"https:\/\/duhovyrok.sk\/tepla-vlna\/wp-json\/wp\/v2\/comments?post=1936"}],"version-history":[{"count":2,"href":"https:\/\/duhovyrok.sk\/tepla-vlna\/wp-json\/wp\/v2\/posts\/1936\/revisions"}],"predecessor-version":[{"id":1939,"href":"https:\/\/duhovyrok.sk\/tepla-vlna\/wp-json\/wp\/v2\/posts\/1936\/revisions\/1939"}],"wp:featuredmedia":[{"embeddable":true,"href":"https:\/\/duhovyrok.sk\/tepla-vlna\/wp-json\/wp\/v2\/media\/1931"}],"wp:attachment":[{"href":"https:\/\/duhovyrok.sk\/tepla-vlna\/wp-json\/wp\/v2\/media?parent=1936"}],"wp:term":[{"taxonomy":"category","embeddable":true,"href":"https:\/\/duhovyrok.sk\/tepla-vlna\/wp-json\/wp\/v2\/categories?post=1936"},{"taxonomy":"post_tag","embeddable":true,"href":"https:\/\/duhovyrok.sk\/tepla-vlna\/wp-json\/wp\/v2\/tags?post=1936"}],"curies":[{"name":"wp","href":"https:\/\/api.w.org\/{rel}","templated":true}]}}