{"id":1916,"date":"2022-10-12T08:00:00","date_gmt":"2022-10-12T06:00:00","guid":{"rendered":"https:\/\/duhovyrok.sk\/tepla-vlna\/?p=1916"},"modified":"2022-10-12T16:40:36","modified_gmt":"2022-10-12T14:40:36","slug":"tepla-vlna-trans-ludi-traumatizujeme-aj-otazkami-vravi-modelka-liberty-blake-simon","status":"publish","type":"post","link":"https:\/\/duhovyrok.sk\/tepla-vlna\/2022\/10\/12\/tepla-vlna-trans-ludi-traumatizujeme-aj-otazkami-vravi-modelka-liberty-blake-simon\/","title":{"rendered":"Tepl\u00e1 vlna: Trans \u013eud\u00ed traumatizujeme aj ot\u00e1zkami, vrav\u00ed modelka Liberty Blake Simon"},"content":{"rendered":"\n<p>Charizmatick\u00e1 modelka a editorka \u010dasopisu o umen\u00ed vari\u0165 v jednej osobe.&nbsp;Liberty&nbsp;Blake Simon \u017eila ist\u00fd \u010das v Holandsku, kde spoznala miestnu b\u00e1lov\u00fa komunitu. Na\u0161la v nej odvahu, ale aj nov\u00fa rodinu.<\/p>\n\n\n\n<p>Po\u010das pand\u00e9mie sa vr\u00e1tila na Slovensko a ako trans \u017eena vn\u00edma mnoh\u00e9 chyby v zdravotn\u00edctve a sp\u00f4sobe, ak\u00fdm spolo\u010dnos\u0165 vn\u00edma LGBTI+ \u013eud\u00ed. Denne sa cez soci\u00e1lne siete stret\u00e1va jednak s pr\u00edbehmi tr\u00e1um, ktor\u00e9 trans \u013eudia na Slovensku za\u017e\u00edvaj\u00fa a jednak s nevhodn\u00fdmi ot\u00e1zkami od majority.<\/p>\n\n\n\n<p>Ak\u00e1 je to l\u00e1skav\u00e1 zvedavos\u0165, ako povzbudi\u0165 na\u0161ich trans kamar\u00e1tov a kamar\u00e1tky? Chyst\u00e1 sa v bud\u00facnosti aj na dr\u00e1hu moder\u00e1torky, mo\u017eno v podcaste Tepl\u00e1 vlna? Epiz\u00f3du sme nahr\u00e1vali s publikom v kult\u00farnom centre Pakt.<\/p>\n\n\n\n<p>Aktu\u00e1lny diel Teplej vlny si m\u00f4\u017eete pozrie\u0165 na <a rel=\"noreferrer noopener\" href=\"https:\/\/youtu.be\/PyMj1FsS_Os\" target=\"_blank\">YouTube<\/a> alebo vypo\u010du\u0165 na <a href=\"https:\/\/www.sme.sk\/minuta\/23031939\/tepla-vlna-trans-ludi-traumatizujeme-aj-otazkami-vravi-modelka-liberty-blake-simon-podcast\" target=\"_blank\" rel=\"noreferrer noopener\">SME<\/a>, <a rel=\"noreferrer noopener\" href=\"https:\/\/www.podbean.com\/ew\/pb-is8jz-12e5453\" target=\"_blank\">PodBean<\/a>, <a rel=\"noreferrer noopener\" href=\"https:\/\/open.spotify.com\/episode\/3q7ZZdEIMvqxbozjI23K4m?si=c-6IcTF_RJaoW3nKy-JJwA\" target=\"_blank\">Spotify<\/a> alebo <a rel=\"noreferrer noopener\" href=\"https:\/\/podcasts.apple.com\/sk\/podcast\/trans-%C4%BEud%C3%AD-traumatizujeme-aj-ot%C3%A1zkami-vrav%C3%AD-modelka\/id1507703606?i=1000582261738\" target=\"_blank\">Apple Podcasts<\/a>. <\/p>\n\n\n\n<figure class=\"wp-block-embed is-type-video is-provider-youtube wp-block-embed-youtube wp-embed-aspect-16-9 wp-has-aspect-ratio\"><div class=\"wp-block-embed__wrapper\">\n<iframe loading=\"lazy\" title=\"Tepl\u00e1 vlna: Trans \u013eud\u00ed traumatizujeme aj ot\u00e1zkami, vrav\u00ed modelka Liberty Blake Simon\" width=\"1778\" height=\"1000\" src=\"https:\/\/www.youtube.com\/embed\/PyMj1FsS_Os?feature=oembed\" frameborder=\"0\" allow=\"accelerometer; autoplay; clipboard-write; encrypted-media; gyroscope; picture-in-picture\" allowfullscreen><\/iframe>\n<\/div><\/figure>\n\n\n\n<p>Tepl\u00e1 vlna je podcast Divadla NOMANTINELS, v ktorom sa rozpr\u00e1vame so zauj\u00edmav\u00fdmi osobnos\u0165ami a \u013eu\u010fmi zo slovenskej queer komunity o ich \u017eivote, in\u0161pirat\u00edvnych veciach, ktor\u00fdmi sa zaoberaj\u00fa a odvahe, ktor\u00e1 im pomohla prekona\u0165 predsudky okolia. Rozhovory moderuje Andrej Kuruc a Marek Hudec.<\/p>\n\n\n\n<p>Foto: Jakub Kov\u00e1\u010d<\/p>\n","protected":false},"excerpt":{"rendered":"<p>Charizmatick\u00e1 modelka a editorka \u010dasopisu o umen\u00ed vari\u0165 v jednej osobe.&nbsp;Liberty&nbsp;Blake Simon \u017eila ist\u00fd \u010das v Holandsku, kde spoznala miestnu b\u00e1lov\u00fa komunitu. Na\u0161la v nej odvahu, ale aj nov\u00fa rodinu. <a href=\"https:\/\/duhovyrok.sk\/tepla-vlna\/2022\/10\/12\/tepla-vlna-trans-ludi-traumatizujeme-aj-otazkami-vravi-modelka-liberty-blake-simon\/\" class=\"more-link\">&#8230;<\/a><\/p>\n","protected":false},"author":9,"featured_media":1917,"comment_status":"closed","ping_status":"open","sticky":false,"template":"","format":"standard","meta":{"footnotes":""},"categories":[3,2],"tags":[18,99,174,176,5,175,69,70],"class_list":["post-1916","post","type-post","status-publish","format-standard","has-post-thumbnail","hentry","category-novinky","category-tepla-vlna","tag-andrej-kuruc","tag-from-tepla-vlna","tag-liberty-blake-simon","tag-modelka","tag-tepla-vlna","tag-trans-zena","tag-transrodovi-ludia","tag-transrodovost"],"_links":{"self":[{"href":"https:\/\/duhovyrok.sk\/tepla-vlna\/wp-json\/wp\/v2\/posts\/1916","targetHints":{"allow":["GET"]}}],"collection":[{"href":"https:\/\/duhovyrok.sk\/tepla-vlna\/wp-json\/wp\/v2\/posts"}],"about":[{"href":"https:\/\/duhovyrok.sk\/tepla-vlna\/wp-json\/wp\/v2\/types\/post"}],"author":[{"embeddable":true,"href":"https:\/\/duhovyrok.sk\/tepla-vlna\/wp-json\/wp\/v2\/users\/9"}],"replies":[{"embeddable":true,"href":"https:\/\/duhovyrok.sk\/tepla-vlna\/wp-json\/wp\/v2\/comments?post=1916"}],"version-history":[{"count":4,"href":"https:\/\/duhovyrok.sk\/tepla-vlna\/wp-json\/wp\/v2\/posts\/1916\/revisions"}],"predecessor-version":[{"id":1925,"href":"https:\/\/duhovyrok.sk\/tepla-vlna\/wp-json\/wp\/v2\/posts\/1916\/revisions\/1925"}],"wp:featuredmedia":[{"embeddable":true,"href":"https:\/\/duhovyrok.sk\/tepla-vlna\/wp-json\/wp\/v2\/media\/1917"}],"wp:attachment":[{"href":"https:\/\/duhovyrok.sk\/tepla-vlna\/wp-json\/wp\/v2\/media?parent=1916"}],"wp:term":[{"taxonomy":"category","embeddable":true,"href":"https:\/\/duhovyrok.sk\/tepla-vlna\/wp-json\/wp\/v2\/categories?post=1916"},{"taxonomy":"post_tag","embeddable":true,"href":"https:\/\/duhovyrok.sk\/tepla-vlna\/wp-json\/wp\/v2\/tags?post=1916"}],"curies":[{"name":"wp","href":"https:\/\/api.w.org\/{rel}","templated":true}]}}