{"id":1901,"date":"2022-09-28T15:07:00","date_gmt":"2022-09-28T13:07:00","guid":{"rendered":"https:\/\/duhovyrok.sk\/tepla-vlna\/?p=1901"},"modified":"2022-09-28T15:07:23","modified_gmt":"2022-09-28T13:07:23","slug":"tepla-vlna-vitaz-superstar-adam-pavlovcin-hodnoti-prijatie-inakosti-v-soubiznise-2","status":"publish","type":"post","link":"https:\/\/duhovyrok.sk\/tepla-vlna\/2022\/09\/28\/tepla-vlna-vitaz-superstar-adam-pavlovcin-hodnoti-prijatie-inakosti-v-soubiznise-2\/","title":{"rendered":"Tepl\u00e1 vlna: V\u00ed\u0165az Superstar Adam Pavlov\u010din hodnot\u00ed prijatie inakosti v \u0161oubiznise"},"content":{"rendered":"\n<p>Ako chlapec sa stal majstrom Slovenska v disco dance, nesk\u00f4r odi\u0161iel \u0161tudova\u0165 do Lond\u00fdna. Hoci mal Adam Pavlov\u010din v zahrani\u010d\u00ed rozbehnut\u00fa kari\u00e9ru so svojou kapelou, rozhodol sa vr\u00e1ti\u0165 domov a prihl\u00e1si\u0165 sa do \u010deskoslovenskej Superstar.<\/p>\n\n\n\n<p>Porotu zaujal svoj\u00edm basov\u00fdm hlasom a sympatick\u00fdm vystupovan\u00edm. S\u00fa\u0165a\u017e vyhral a u\u017e pripravuje na vydanie svoj debutov\u00fd album pod prez\u00fdvkou ADONXS. V rozhovore pre podcast Tepl\u00e1 vlna vysvet\u013euje, \u010do prez\u00fdvka znamen\u00e1, ako vie zosta\u0165 s\u00e1m sebou v soubiznise a \u010di c\u00edti tlak na v\u00fdzor v gej komunite. Epiz\u00f3du sme nahr\u00e1vali s publikom v kult\u00farnom centre Pakt.<\/p>\n\n\n\n<p>Nov\u00fd diel Teplej vlny si m\u00f4\u017eete pozrie\u0165 na <a rel=\"noreferrer noopener\" href=\"https:\/\/www.youtube.com\/watch?v=sYoPF9IhEX0\" target=\"_blank\">YouTube<\/a> alebo vypo\u010du\u0165 na <a rel=\"noreferrer noopener\" href=\"https:\/\/www.podbean.com\/ew\/pb-neztv-12d339b\" target=\"_blank\">PodBean<\/a>, <a rel=\"noreferrer noopener\" href=\"https:\/\/open.spotify.com\/episode\/2r5UO8yp8hC7XrwlamLsLE?si=rOhQYe3nSb-Kdbb3t3qzuQ\" target=\"_blank\">Spotify<\/a> a <a rel=\"noreferrer noopener\" href=\"https:\/\/podcasts.apple.com\/sk\/podcast\/adam-pavlov%C4%8Din-hodnot%C3%AD-prijatie-inakosti-v-%C5%A1oubiznise\/id1507703606?i=1000580761904\" target=\"_blank\">Apple Podcasts<\/a>. <\/p>\n\n\n\n<figure class=\"wp-block-embed is-type-video is-provider-youtube wp-block-embed-youtube wp-embed-aspect-16-9 wp-has-aspect-ratio\"><div class=\"wp-block-embed__wrapper\">\n<iframe loading=\"lazy\" title=\"Tepl\u00e1 vlna: Adam Pavlov\u010din hodnot\u00ed prijatie inakosti v \u0161oubiznise\" width=\"1778\" height=\"1000\" src=\"https:\/\/www.youtube.com\/embed\/sYoPF9IhEX0?feature=oembed\" frameborder=\"0\" allow=\"accelerometer; autoplay; clipboard-write; encrypted-media; gyroscope; picture-in-picture\" allowfullscreen><\/iframe>\n<\/div><\/figure>\n\n\n\n<p>Tepl\u00e1 vlna je podcast Divadla NOMANTINELS, v ktorom sa rozpr\u00e1vame so zauj\u00edmav\u00fdmi osobnos\u0165ami a \u013eu\u010fmi zo slovenskej queer komunity o ich \u017eivote, in\u0161pirat\u00edvnych veciach, ktor\u00fdmi sa zaoberaj\u00fa a odvahe, ktor\u00e1 im pomohla prekona\u0165 predsudky okolia. Rozhovory moderuje Andrej Kuruc a Marek Hudec.<\/p>\n","protected":false},"excerpt":{"rendered":"<p>Ako chlapec sa stal majstrom Slovenska v disco dance, nesk\u00f4r odi\u0161iel \u0161tudova\u0165 do Lond\u00fdna. Hoci mal Adam Pavlov\u010din v zahrani\u010d\u00ed rozbehnut\u00fa kari\u00e9ru so svojou kapelou, rozhodol sa vr\u00e1ti\u0165 domov a <a href=\"https:\/\/duhovyrok.sk\/tepla-vlna\/2022\/09\/28\/tepla-vlna-vitaz-superstar-adam-pavlovcin-hodnoti-prijatie-inakosti-v-soubiznise-2\/\" class=\"more-link\">&#8230;<\/a><\/p>\n","protected":false},"author":9,"featured_media":1889,"comment_status":"closed","ping_status":"open","sticky":false,"template":"","format":"standard","meta":{"footnotes":""},"categories":[3,2],"tags":[170,99,61,147,5],"class_list":["post-1901","post","type-post","status-publish","format-standard","has-post-thumbnail","hentry","category-novinky","category-tepla-vlna","tag-adam-pavlovcin","tag-from-tepla-vlna","tag-marek-hudec","tag-spevak","tag-tepla-vlna"],"_links":{"self":[{"href":"https:\/\/duhovyrok.sk\/tepla-vlna\/wp-json\/wp\/v2\/posts\/1901","targetHints":{"allow":["GET"]}}],"collection":[{"href":"https:\/\/duhovyrok.sk\/tepla-vlna\/wp-json\/wp\/v2\/posts"}],"about":[{"href":"https:\/\/duhovyrok.sk\/tepla-vlna\/wp-json\/wp\/v2\/types\/post"}],"author":[{"embeddable":true,"href":"https:\/\/duhovyrok.sk\/tepla-vlna\/wp-json\/wp\/v2\/users\/9"}],"replies":[{"embeddable":true,"href":"https:\/\/duhovyrok.sk\/tepla-vlna\/wp-json\/wp\/v2\/comments?post=1901"}],"version-history":[{"count":1,"href":"https:\/\/duhovyrok.sk\/tepla-vlna\/wp-json\/wp\/v2\/posts\/1901\/revisions"}],"predecessor-version":[{"id":1903,"href":"https:\/\/duhovyrok.sk\/tepla-vlna\/wp-json\/wp\/v2\/posts\/1901\/revisions\/1903"}],"wp:featuredmedia":[{"embeddable":true,"href":"https:\/\/duhovyrok.sk\/tepla-vlna\/wp-json\/wp\/v2\/media\/1889"}],"wp:attachment":[{"href":"https:\/\/duhovyrok.sk\/tepla-vlna\/wp-json\/wp\/v2\/media?parent=1901"}],"wp:term":[{"taxonomy":"category","embeddable":true,"href":"https:\/\/duhovyrok.sk\/tepla-vlna\/wp-json\/wp\/v2\/categories?post=1901"},{"taxonomy":"post_tag","embeddable":true,"href":"https:\/\/duhovyrok.sk\/tepla-vlna\/wp-json\/wp\/v2\/tags?post=1901"}],"curies":[{"name":"wp","href":"https:\/\/api.w.org\/{rel}","templated":true}]}}