{"id":1890,"date":"2022-09-27T15:12:36","date_gmt":"2022-09-27T13:12:36","guid":{"rendered":"https:\/\/duhovyrok.sk\/tepla-vlna\/?p=1890"},"modified":"2022-09-28T07:19:05","modified_gmt":"2022-09-28T05:19:05","slug":"do-teplej-vlny-sme-pozvali-vitaza-superstar-adama-pavlovcina-alias-adonxs","status":"publish","type":"post","link":"https:\/\/duhovyrok.sk\/tepla-vlna\/2022\/09\/27\/do-teplej-vlny-sme-pozvali-vitaza-superstar-adama-pavlovcina-alias-adonxs\/","title":{"rendered":"Do Teplej vlny sme pozvali v\u00ed\u0165aza Superstar Adama Pavlov\u010dina alias ADONXS"},"content":{"rendered":"\n<p>Adam Pavlov\u010din vyhral posledn\u00fa s\u00e9riu \u0161ou Superstar a vo svojej hudobnej kari\u00e9ry pokra\u010duje pod pseudonymom ADONXS. Premi\u00e9ra nov\u00e9ho dielu Teplej vlny u\u017e t\u00fato stredu, 29. septembra na Va\u0161ich obrazovk\u00e1ch a streamovac\u00edch platform\u00e1ch. <\/p>\n","protected":false},"excerpt":{"rendered":"<p>Adam Pavlov\u010din vyhral posledn\u00fa s\u00e9riu \u0161ou Superstar a vo svojej hudobnej kari\u00e9ry pokra\u010duje pod pseudonymom ADONXS. Premi\u00e9ra nov\u00e9ho dielu Teplej vlny u\u017e t\u00fato stredu, 29. septembra na Va\u0161ich obrazovk\u00e1ch a <a href=\"https:\/\/duhovyrok.sk\/tepla-vlna\/2022\/09\/27\/do-teplej-vlny-sme-pozvali-vitaza-superstar-adama-pavlovcina-alias-adonxs\/\" class=\"more-link\">&#8230;<\/a><\/p>\n","protected":false},"author":2,"featured_media":1891,"comment_status":"closed","ping_status":"open","sticky":false,"template":"","format":"standard","meta":{"footnotes":""},"categories":[3,2],"tags":[170,99,4,23,147,5],"class_list":["post-1890","post","type-post","status-publish","format-standard","has-post-thumbnail","hentry","category-novinky","category-tepla-vlna","tag-adam-pavlovcin","tag-from-tepla-vlna","tag-podcast","tag-queer","tag-spevak","tag-tepla-vlna"],"_links":{"self":[{"href":"https:\/\/duhovyrok.sk\/tepla-vlna\/wp-json\/wp\/v2\/posts\/1890","targetHints":{"allow":["GET"]}}],"collection":[{"href":"https:\/\/duhovyrok.sk\/tepla-vlna\/wp-json\/wp\/v2\/posts"}],"about":[{"href":"https:\/\/duhovyrok.sk\/tepla-vlna\/wp-json\/wp\/v2\/types\/post"}],"author":[{"embeddable":true,"href":"https:\/\/duhovyrok.sk\/tepla-vlna\/wp-json\/wp\/v2\/users\/2"}],"replies":[{"embeddable":true,"href":"https:\/\/duhovyrok.sk\/tepla-vlna\/wp-json\/wp\/v2\/comments?post=1890"}],"version-history":[{"count":2,"href":"https:\/\/duhovyrok.sk\/tepla-vlna\/wp-json\/wp\/v2\/posts\/1890\/revisions"}],"predecessor-version":[{"id":1900,"href":"https:\/\/duhovyrok.sk\/tepla-vlna\/wp-json\/wp\/v2\/posts\/1890\/revisions\/1900"}],"wp:featuredmedia":[{"embeddable":true,"href":"https:\/\/duhovyrok.sk\/tepla-vlna\/wp-json\/wp\/v2\/media\/1891"}],"wp:attachment":[{"href":"https:\/\/duhovyrok.sk\/tepla-vlna\/wp-json\/wp\/v2\/media?parent=1890"}],"wp:term":[{"taxonomy":"category","embeddable":true,"href":"https:\/\/duhovyrok.sk\/tepla-vlna\/wp-json\/wp\/v2\/categories?post=1890"},{"taxonomy":"post_tag","embeddable":true,"href":"https:\/\/duhovyrok.sk\/tepla-vlna\/wp-json\/wp\/v2\/tags?post=1890"}],"curies":[{"name":"wp","href":"https:\/\/api.w.org\/{rel}","templated":true}]}}