{"id":1884,"date":"2022-09-21T08:24:40","date_gmt":"2022-09-21T06:24:40","guid":{"rendered":"https:\/\/duhovyrok.sk\/tepla-vlna\/?p=1884"},"modified":"2022-09-21T08:25:04","modified_gmt":"2022-09-21T06:25:04","slug":"tepla-vlna-tony-naprstek-hovori-o-prekazkach-nebinarnych-ludi-v-spolocnosti","status":"publish","type":"post","link":"https:\/\/duhovyrok.sk\/tepla-vlna\/2022\/09\/21\/tepla-vlna-tony-naprstek-hovori-o-prekazkach-nebinarnych-ludi-v-spolocnosti\/","title":{"rendered":"Tepl\u00e1 vlna: Tony Naprstek hovor\u00ed o prek\u00e1\u017ekach nebin\u00e1rnych \u013eud\u00ed v spolo\u010dnosti"},"content":{"rendered":"\n<p>Tony Naprstek&nbsp; je nebin\u00e1rny \u010dlovek, ktor\u00fd u\u017e dlh\u0161ie patr\u00ed do transrodovej komunity. Pre\u0161la si r\u00f4znymi \u017eivotn\u00fdmi sk\u00fasenos\u0165ami, k\u00fdm zistila, ak\u00e1 je jej identita. Z\u00e1rove\u0148 p\u00ed\u0161e do Magaz\u00ednu QYS glosy, ktor\u00e9 sa t\u00fdkaj\u00fa transrodov\u00fdch \u013eud\u00ed a&nbsp;venuje sa tlmo\u010dn\u00edctvu. D\u00f4le\u017eitou t\u00e9mou v&nbsp;jej \u017eivote je psychick\u00e9 zdravie.&nbsp;<\/p>\n\n\n\n<p>V rozhovore pre Tepl\u00fa vlnu hovor\u00ed o&nbsp;tom, \u010do pre \u0148u znamen\u00e1 nebin\u00e1rnos\u0165 a&nbsp;ako ju definuje. Uviedla tie\u017e, \u010do za\u017e\u00edvaj\u00fa transrodov\u00ed \u013eudia zo strany lek\u00e1rov a&nbsp;lek\u00e1rok a \u010do&nbsp;im m\u00f4\u017ee pom\u00f4c\u0165 zvl\u00e1dnu\u0165 tranz\u00edciu. Venovala sa aj t\u00e9me cosplay a a&nbsp;aromantick\u00fdch \u013eud\u00ed.&nbsp;&nbsp;<\/p>\n\n\n\n<p>Nov\u00fd diel Teplej vlny si m\u00f4\u017eete pozrie\u0165 na&nbsp;<a rel=\"noreferrer noopener\" href=\"https:\/\/www.youtube.com\/watch?v=F6Qejxcso34\" target=\"_blank\">linku ni\u017e\u0161ie<\/a>&nbsp;alebo vypo\u010du\u0165 na podcastov\u00fdch platform\u00e1ch&nbsp;<a rel=\"noreferrer noopener\" href=\"https:\/\/www.podbean.com\/ew\/pb-xke56-12ca260\" target=\"_blank\">PodBean<\/a>,&nbsp;<a rel=\"noreferrer noopener\" href=\"https:\/\/open.spotify.com\/episode\/77fKvDhvDFqUOn94hVyf0X?si=EOqyXCE1TSO4rBI6OI6XcQ\" target=\"_blank\">Spotify<\/a>&nbsp;a&nbsp;<a rel=\"noreferrer noopener\" href=\"https:\/\/podcasts.apple.com\/sk\/podcast\/tony-naprstek-ak%C3%A9-prek%C3%A1%C5%BEky-za%C5%BE%C3%ADvaj%C3%BA-nebin%C3%A1rni-%C4%BEudia\/id1507703606?i=1000580038413\" target=\"_blank\">Apple Podcasts<\/a>.<\/p>\n\n\n\n<figure class=\"wp-block-embed is-type-video is-provider-youtube wp-block-embed-youtube wp-embed-aspect-16-9 wp-has-aspect-ratio\"><div class=\"wp-block-embed__wrapper\">\n<iframe loading=\"lazy\" title=\"Tepl\u00e1 vlna: Tony Naprstek hovor\u00ed o prek\u00e1\u017ekach nebin\u00e1rnych \u013eud\u00ed v spolo\u010dnosti\" width=\"1778\" height=\"1000\" src=\"https:\/\/www.youtube.com\/embed\/F6Qejxcso34?feature=oembed\" frameborder=\"0\" allow=\"accelerometer; autoplay; clipboard-write; encrypted-media; gyroscope; picture-in-picture\" allowfullscreen><\/iframe>\n<\/div><\/figure>\n\n\n\n<p>Tepl\u00e1 vlna je podcast Divadla NOMANTINELS, v ktorom sa rozpr\u00e1vame so zauj\u00edmav\u00fdmi osobnos\u0165ami a \u013eu\u010fmi zo slovenskej queer komunity o ich \u017eivote, in\u0161pirat\u00edvnych veciach, ktor\u00fdmi sa zaoberaj\u00fa a odvahe, ktor\u00e1 im pomohla prekona\u0165 predsudky okolia. Rozhovory moderuje Andrej Kuruc a Marek Hudec.<\/p>\n","protected":false},"excerpt":{"rendered":"<p>Tony Naprstek&nbsp; je nebin\u00e1rny \u010dlovek, ktor\u00fd u\u017e dlh\u0161ie patr\u00ed do transrodovej komunity. Pre\u0161la si r\u00f4znymi \u017eivotn\u00fdmi sk\u00fasenos\u0165ami, k\u00fdm zistila, ak\u00e1 je jej identita. Z\u00e1rove\u0148 p\u00ed\u0161e do Magaz\u00ednu QYS glosy, ktor\u00e9 <a href=\"https:\/\/duhovyrok.sk\/tepla-vlna\/2022\/09\/21\/tepla-vlna-tony-naprstek-hovori-o-prekazkach-nebinarnych-ludi-v-spolocnosti\/\" class=\"more-link\">&#8230;<\/a><\/p>\n","protected":false},"author":2,"featured_media":1873,"comment_status":"closed","ping_status":"open","sticky":false,"template":"","format":"standard","meta":{"footnotes":""},"categories":[3,2],"tags":[18,99,168,4,5,167,69,70],"class_list":["post-1884","post","type-post","status-publish","format-standard","has-post-thumbnail","hentry","category-novinky","category-tepla-vlna","tag-andrej-kuruc","tag-from-tepla-vlna","tag-nebinarni-ludia","tag-podcast","tag-tepla-vlna","tag-tony-naprstek","tag-transrodovi-ludia","tag-transrodovost"],"_links":{"self":[{"href":"https:\/\/duhovyrok.sk\/tepla-vlna\/wp-json\/wp\/v2\/posts\/1884","targetHints":{"allow":["GET"]}}],"collection":[{"href":"https:\/\/duhovyrok.sk\/tepla-vlna\/wp-json\/wp\/v2\/posts"}],"about":[{"href":"https:\/\/duhovyrok.sk\/tepla-vlna\/wp-json\/wp\/v2\/types\/post"}],"author":[{"embeddable":true,"href":"https:\/\/duhovyrok.sk\/tepla-vlna\/wp-json\/wp\/v2\/users\/2"}],"replies":[{"embeddable":true,"href":"https:\/\/duhovyrok.sk\/tepla-vlna\/wp-json\/wp\/v2\/comments?post=1884"}],"version-history":[{"count":2,"href":"https:\/\/duhovyrok.sk\/tepla-vlna\/wp-json\/wp\/v2\/posts\/1884\/revisions"}],"predecessor-version":[{"id":1886,"href":"https:\/\/duhovyrok.sk\/tepla-vlna\/wp-json\/wp\/v2\/posts\/1884\/revisions\/1886"}],"wp:featuredmedia":[{"embeddable":true,"href":"https:\/\/duhovyrok.sk\/tepla-vlna\/wp-json\/wp\/v2\/media\/1873"}],"wp:attachment":[{"href":"https:\/\/duhovyrok.sk\/tepla-vlna\/wp-json\/wp\/v2\/media?parent=1884"}],"wp:term":[{"taxonomy":"category","embeddable":true,"href":"https:\/\/duhovyrok.sk\/tepla-vlna\/wp-json\/wp\/v2\/categories?post=1884"},{"taxonomy":"post_tag","embeddable":true,"href":"https:\/\/duhovyrok.sk\/tepla-vlna\/wp-json\/wp\/v2\/tags?post=1884"}],"curies":[{"name":"wp","href":"https:\/\/api.w.org\/{rel}","templated":true}]}}