{"id":1875,"date":"2022-09-20T17:06:35","date_gmt":"2022-09-20T15:06:35","guid":{"rendered":"https:\/\/duhovyrok.sk\/tepla-vlna\/?p=1875"},"modified":"2022-09-21T08:13:22","modified_gmt":"2022-09-21T06:13:22","slug":"do-teplej-vlne-pride-tony-naprstek","status":"publish","type":"post","link":"https:\/\/duhovyrok.sk\/tepla-vlna\/2022\/09\/20\/do-teplej-vlne-pride-tony-naprstek\/","title":{"rendered":"Do Teplej vlne pr\u00edde Tony Naprstek"},"content":{"rendered":"\n<p>Najbli\u017e\u0161\u00ed hos\u0165 v Teplej vlne: Tony Naprstek&nbsp; je nebin\u00e1rny \u010dlovek, ktor\u00fd u\u017e dlh\u0161ie patr\u00ed do transrodovej komunity. Pre\u0161la si r\u00f4znymi \u017eivotn\u00fdmi sk\u00fasenos\u0165ami, k\u00fdm zistila, ak\u00e1 je jej identita. Z\u00e1rove\u0148 p\u00ed\u0161e do Magaz\u00ednu QYS glosy, ktor\u00e9 sa t\u00fdkaj\u00fa transrodov\u00fdch \u013eud\u00ed a&nbsp;venuje sa tlmo\u010dn\u00edctvu. D\u00f4le\u017eitou t\u00e9mou v&nbsp;jej \u017eivote je psychick\u00e9 zdravie.<\/p>\n","protected":false},"excerpt":{"rendered":"<p>Najbli\u017e\u0161\u00ed hos\u0165 v Teplej vlne: Tony Naprstek&nbsp; je nebin\u00e1rny \u010dlovek, ktor\u00fd u\u017e dlh\u0161ie patr\u00ed do transrodovej komunity. Pre\u0161la si r\u00f4znymi \u017eivotn\u00fdmi sk\u00fasenos\u0165ami, k\u00fdm zistila, ak\u00e1 je jej identita. Z\u00e1rove\u0148 p\u00ed\u0161e <a href=\"https:\/\/duhovyrok.sk\/tepla-vlna\/2022\/09\/20\/do-teplej-vlne-pride-tony-naprstek\/\" class=\"more-link\">&#8230;<\/a><\/p>\n","protected":false},"author":2,"featured_media":1872,"comment_status":"closed","ping_status":"open","sticky":false,"template":"","format":"standard","meta":{"footnotes":""},"categories":[3,2],"tags":[99,168,169,114,5,167],"class_list":["post-1875","post","type-post","status-publish","format-standard","has-post-thumbnail","hentry","category-novinky","category-tepla-vlna","tag-from-tepla-vlna","tag-nebinarni-ludia","tag-nebinarnost","tag-pozvanka","tag-tepla-vlna","tag-tony-naprstek"],"_links":{"self":[{"href":"https:\/\/duhovyrok.sk\/tepla-vlna\/wp-json\/wp\/v2\/posts\/1875","targetHints":{"allow":["GET"]}}],"collection":[{"href":"https:\/\/duhovyrok.sk\/tepla-vlna\/wp-json\/wp\/v2\/posts"}],"about":[{"href":"https:\/\/duhovyrok.sk\/tepla-vlna\/wp-json\/wp\/v2\/types\/post"}],"author":[{"embeddable":true,"href":"https:\/\/duhovyrok.sk\/tepla-vlna\/wp-json\/wp\/v2\/users\/2"}],"replies":[{"embeddable":true,"href":"https:\/\/duhovyrok.sk\/tepla-vlna\/wp-json\/wp\/v2\/comments?post=1875"}],"version-history":[{"count":4,"href":"https:\/\/duhovyrok.sk\/tepla-vlna\/wp-json\/wp\/v2\/posts\/1875\/revisions"}],"predecessor-version":[{"id":1880,"href":"https:\/\/duhovyrok.sk\/tepla-vlna\/wp-json\/wp\/v2\/posts\/1875\/revisions\/1880"}],"wp:featuredmedia":[{"embeddable":true,"href":"https:\/\/duhovyrok.sk\/tepla-vlna\/wp-json\/wp\/v2\/media\/1872"}],"wp:attachment":[{"href":"https:\/\/duhovyrok.sk\/tepla-vlna\/wp-json\/wp\/v2\/media?parent=1875"}],"wp:term":[{"taxonomy":"category","embeddable":true,"href":"https:\/\/duhovyrok.sk\/tepla-vlna\/wp-json\/wp\/v2\/categories?post=1875"},{"taxonomy":"post_tag","embeddable":true,"href":"https:\/\/duhovyrok.sk\/tepla-vlna\/wp-json\/wp\/v2\/tags?post=1875"}],"curies":[{"name":"wp","href":"https:\/\/api.w.org\/{rel}","templated":true}]}}