{"id":1861,"date":"2022-09-12T10:47:00","date_gmt":"2022-09-12T08:47:00","guid":{"rendered":"https:\/\/duhovyrok.sk\/tepla-vlna\/?p=1861"},"modified":"2022-09-14T06:58:34","modified_gmt":"2022-09-14T04:58:34","slug":"richard-direr-hostom-v-teplej-vlne","status":"publish","type":"post","link":"https:\/\/duhovyrok.sk\/tepla-vlna\/2022\/09\/12\/richard-direr-hostom-v-teplej-vlne\/","title":{"rendered":"Richard D\u00edrer hos\u0165om v Teplej vlne"},"content":{"rendered":"\n<p>V Teplej vlne priv\u00edtame moder\u00e1tora Richarda D\u00edrera, ktor\u00fd ned\u00e1vno zaujal svojim tri\u010dkom s d\u00fahov\u00fdm golierom v telev\u00edzii TA3. \u201e\u010co proti n\u00e1m m\u00e1te?\u201c sp\u00fdtal sa v telev\u00edznej diskusii politika, ktor\u00fd navrhuje z\u00e1kaz d\u00fahov\u00fdch vlajok. Nie je be\u017en\u00e9, \u017ee by novin\u00e1r na Slovensku be\u017ene hovoril o svojej sexualite a mnoh\u00fdch t\u00fdm in\u0161piroval.&nbsp;<\/p>\n","protected":false},"excerpt":{"rendered":"<p>V Teplej vlne priv\u00edtame moder\u00e1tora Richarda D\u00edrera, ktor\u00fd ned\u00e1vno zaujal svojim tri\u010dkom s d\u00fahov\u00fdm golierom v telev\u00edzii TA3. \u201e\u010co proti n\u00e1m m\u00e1te?\u201c sp\u00fdtal sa v telev\u00edznej diskusii politika, ktor\u00fd navrhuje <a href=\"https:\/\/duhovyrok.sk\/tepla-vlna\/2022\/09\/12\/richard-direr-hostom-v-teplej-vlne\/\" class=\"more-link\">&#8230;<\/a><\/p>\n","protected":false},"author":9,"featured_media":1866,"comment_status":"closed","ping_status":"open","sticky":false,"template":"","format":"standard","meta":{"footnotes":""},"categories":[3,2],"tags":[99,114,107,166,5],"class_list":["post-1861","post","type-post","status-publish","format-standard","has-post-thumbnail","hentry","category-novinky","category-tepla-vlna","tag-from-tepla-vlna","tag-pozvanka","tag-queer-komunita","tag-richard-direr","tag-tepla-vlna"],"_links":{"self":[{"href":"https:\/\/duhovyrok.sk\/tepla-vlna\/wp-json\/wp\/v2\/posts\/1861","targetHints":{"allow":["GET"]}}],"collection":[{"href":"https:\/\/duhovyrok.sk\/tepla-vlna\/wp-json\/wp\/v2\/posts"}],"about":[{"href":"https:\/\/duhovyrok.sk\/tepla-vlna\/wp-json\/wp\/v2\/types\/post"}],"author":[{"embeddable":true,"href":"https:\/\/duhovyrok.sk\/tepla-vlna\/wp-json\/wp\/v2\/users\/9"}],"replies":[{"embeddable":true,"href":"https:\/\/duhovyrok.sk\/tepla-vlna\/wp-json\/wp\/v2\/comments?post=1861"}],"version-history":[{"count":3,"href":"https:\/\/duhovyrok.sk\/tepla-vlna\/wp-json\/wp\/v2\/posts\/1861\/revisions"}],"predecessor-version":[{"id":1867,"href":"https:\/\/duhovyrok.sk\/tepla-vlna\/wp-json\/wp\/v2\/posts\/1861\/revisions\/1867"}],"wp:featuredmedia":[{"embeddable":true,"href":"https:\/\/duhovyrok.sk\/tepla-vlna\/wp-json\/wp\/v2\/media\/1866"}],"wp:attachment":[{"href":"https:\/\/duhovyrok.sk\/tepla-vlna\/wp-json\/wp\/v2\/media?parent=1861"}],"wp:term":[{"taxonomy":"category","embeddable":true,"href":"https:\/\/duhovyrok.sk\/tepla-vlna\/wp-json\/wp\/v2\/categories?post=1861"},{"taxonomy":"post_tag","embeddable":true,"href":"https:\/\/duhovyrok.sk\/tepla-vlna\/wp-json\/wp\/v2\/tags?post=1861"}],"curies":[{"name":"wp","href":"https:\/\/api.w.org\/{rel}","templated":true}]}}