{"id":1848,"date":"2022-09-05T07:45:00","date_gmt":"2022-09-05T05:45:00","guid":{"rendered":"https:\/\/duhovyrok.sk\/tepla-vlna\/?p=1848"},"modified":"2022-09-07T13:27:06","modified_gmt":"2022-09-07T11:27:06","slug":"filmovy-reziser-gregor-valentovic-hostom-v-teplej-vlne","status":"publish","type":"post","link":"https:\/\/duhovyrok.sk\/tepla-vlna\/2022\/09\/05\/filmovy-reziser-gregor-valentovic-hostom-v-teplej-vlne\/","title":{"rendered":"Filmov\u00fd re\u017eis\u00e9r Gregor Valentovi\u010d hos\u0165om v Teplej vlne"},"content":{"rendered":"\n<p>Gregor Valentovi\u010d \u0161tudoval filmov\u00fa a&nbsp;telev\u00edznu r\u00e9\u017eiu na Filmovej a telev\u00edznej fakulte V\u0160MU v Bratislave. Nato\u010dil kr\u00e1tke filmy Kid, Sk\u00fa\u0161ka a&nbsp;\u010c\u00edna. M\u00e1 aj svoju kapelu 0u0us.&nbsp;Nov\u00fd diel Teplej vlny u\u017e t\u00fato stredu, 7. septembra na va\u0161ich obrazovk\u00e1ch a podcastov\u00fdch platform\u00e1ch. <\/p>\n","protected":false},"excerpt":{"rendered":"<p>Gregor Valentovi\u010d \u0161tudoval filmov\u00fa a&nbsp;telev\u00edznu r\u00e9\u017eiu na Filmovej a telev\u00edznej fakulte V\u0160MU v Bratislave. Nato\u010dil kr\u00e1tke filmy Kid, Sk\u00fa\u0161ka a&nbsp;\u010c\u00edna. M\u00e1 aj svoju kapelu 0u0us.&nbsp;Nov\u00fd diel Teplej vlny u\u017e t\u00fato <a href=\"https:\/\/duhovyrok.sk\/tepla-vlna\/2022\/09\/05\/filmovy-reziser-gregor-valentovic-hostom-v-teplej-vlne\/\" class=\"more-link\">&#8230;<\/a><\/p>\n","protected":false},"author":2,"featured_media":1849,"comment_status":"closed","ping_status":"open","sticky":false,"template":"","format":"standard","meta":{"footnotes":""},"categories":[3,2],"tags":[125,99,163,4,114,135,5,164],"class_list":["post-1848","post","type-post","status-publish","format-standard","has-post-thumbnail","hentry","category-novinky","category-tepla-vlna","tag-film","tag-from-tepla-vlna","tag-gregor-valentovic","tag-podcast","tag-pozvanka","tag-reziser","tag-tepla-vlna","tag-teple-filmy"],"_links":{"self":[{"href":"https:\/\/duhovyrok.sk\/tepla-vlna\/wp-json\/wp\/v2\/posts\/1848","targetHints":{"allow":["GET"]}}],"collection":[{"href":"https:\/\/duhovyrok.sk\/tepla-vlna\/wp-json\/wp\/v2\/posts"}],"about":[{"href":"https:\/\/duhovyrok.sk\/tepla-vlna\/wp-json\/wp\/v2\/types\/post"}],"author":[{"embeddable":true,"href":"https:\/\/duhovyrok.sk\/tepla-vlna\/wp-json\/wp\/v2\/users\/2"}],"replies":[{"embeddable":true,"href":"https:\/\/duhovyrok.sk\/tepla-vlna\/wp-json\/wp\/v2\/comments?post=1848"}],"version-history":[{"count":2,"href":"https:\/\/duhovyrok.sk\/tepla-vlna\/wp-json\/wp\/v2\/posts\/1848\/revisions"}],"predecessor-version":[{"id":1857,"href":"https:\/\/duhovyrok.sk\/tepla-vlna\/wp-json\/wp\/v2\/posts\/1848\/revisions\/1857"}],"wp:featuredmedia":[{"embeddable":true,"href":"https:\/\/duhovyrok.sk\/tepla-vlna\/wp-json\/wp\/v2\/media\/1849"}],"wp:attachment":[{"href":"https:\/\/duhovyrok.sk\/tepla-vlna\/wp-json\/wp\/v2\/media?parent=1848"}],"wp:term":[{"taxonomy":"category","embeddable":true,"href":"https:\/\/duhovyrok.sk\/tepla-vlna\/wp-json\/wp\/v2\/categories?post=1848"},{"taxonomy":"post_tag","embeddable":true,"href":"https:\/\/duhovyrok.sk\/tepla-vlna\/wp-json\/wp\/v2\/tags?post=1848"}],"curies":[{"name":"wp","href":"https:\/\/api.w.org\/{rel}","templated":true}]}}