{"id":1845,"date":"2022-09-07T06:31:00","date_gmt":"2022-09-07T04:31:00","guid":{"rendered":"https:\/\/duhovyrok.sk\/tepla-vlna\/?p=1845"},"modified":"2022-09-07T09:03:07","modified_gmt":"2022-09-07T07:03:07","slug":"tepla-vlna-nadejny-filmovy-reziser-teplych-filmov-gregor-valentovic","status":"publish","type":"post","link":"https:\/\/duhovyrok.sk\/tepla-vlna\/2022\/09\/07\/tepla-vlna-nadejny-filmovy-reziser-teplych-filmov-gregor-valentovic\/","title":{"rendered":"Tepl\u00e1 vlna: N\u00e1dejn\u00fd filmov\u00fd re\u017eis\u00e9r tepl\u00fdch filmov Gregor Valentovi\u010d"},"content":{"rendered":"\n<p>Gregor Valentovi\u010d \u0161tudoval filmov\u00fa a&nbsp;telev\u00edznu r\u00e9\u017eiu na Filmovej a telev\u00edznej fakulte V\u0160MU v Bratislave. Nato\u010dil kr\u00e1tke filmy Kid, Sk\u00fa\u0161ka a&nbsp;\u010c\u00edna. M\u00e1 aj svoju kapelu 0u0us.&nbsp;V rozhovore opisuje svoj coming out, \u010d\u00edm ho in\u0161piruje filmov\u00e1 tvorba, ale aj n to pre\u010do s\u00fa obrazy \u017eivota LGBTI + \u013eud\u00ed vo filmoch d\u00f4le\u017eit\u00e9.&nbsp;<\/p>\n\n\n\n<p>Prezradil aj o&nbsp;\u010dom bude jeho pripravovan\u00fd film 27, v&nbsp;ktorom tie\u017e sexu\u00e1lna orient\u00e1cia diktuje \u017eivotn\u00fa cestu hlavn\u00e9ho predstavite\u013ea. Zhodnotil tie\u017e tepl\u00fa tvorbu na Slovensku. Epiz\u00f3du sme nahr\u00e1vali s publikom po\u010das sprievodn\u00e9ho podujatia k D\u00fahov\u00e9mu PRIDE 2022.&nbsp;<\/p>\n\n\n\n<p>Aktu\u00e1lny diel Teplej vlny si m\u00f4\u017eete pozrie\u0165 na linku ni\u017e\u0161ie alebo vypo\u010du\u0165 na <a href=\"https:\/\/open.spotify.com\/episode\/2qPI7YneMzZ3anS6puWLsR?si=0362186ba30245ed\" target=\"_blank\" rel=\"noreferrer noopener\">Spotify<\/a>, <a href=\"https:\/\/www.podbean.com\/ew\/pb-srmnk-12b78ff\" target=\"_blank\" rel=\"noreferrer noopener\">PodBean<\/a> a <a href=\"https:\/\/podcasts.apple.com\/sk\/podcast\/n%C3%A1dejn%C3%BD-filmov%C3%BD-re%C5%BEis%C3%A9r-tepl%C3%BDch-filmov-gregor-valentovi%C4%8D\/id1507703606?i=1000578500298\" target=\"_blank\" rel=\"noreferrer noopener\">Apple Podcasts<\/a>. <\/p>\n\n\n\n<figure class=\"wp-block-embed is-type-video is-provider-youtube wp-block-embed-youtube wp-embed-aspect-16-9 wp-has-aspect-ratio\"><div class=\"wp-block-embed__wrapper\">\n<iframe loading=\"lazy\" title=\"Tepl\u00e1 vlna: N\u00e1dejn\u00fd filmov\u00fd re\u017eis\u00e9r tepl\u00fdch filmov Gregor Valentovi\u010d\" width=\"1778\" height=\"1000\" src=\"https:\/\/www.youtube.com\/embed\/cgdjvIGIOIU?feature=oembed\" frameborder=\"0\" allow=\"accelerometer; autoplay; clipboard-write; encrypted-media; gyroscope; picture-in-picture\" allowfullscreen><\/iframe>\n<\/div><\/figure>\n\n\n\n<p>Tepl\u00e1 vlna je podcast, v ktorom sa rozpr\u00e1vame so zauj\u00edmav\u00fdmi osobnos\u0165ami a \u013eu\u010fmi zo slovenskej queer komunity o ich \u017eivote, in\u0161pirat\u00edvnych veciach, ktor\u00fdmi sa zaoberaj\u00fa a odvahe, ktor\u00e1 im pomohla prekona\u0165 predsudky okolia. Rozhovory moderuje Andrej Kuruc a Marek Hudec.<\/p>\n","protected":false},"excerpt":{"rendered":"<p>Gregor Valentovi\u010d \u0161tudoval filmov\u00fa a&nbsp;telev\u00edznu r\u00e9\u017eiu na Filmovej a telev\u00edznej fakulte V\u0160MU v Bratislave. Nato\u010dil kr\u00e1tke filmy Kid, Sk\u00fa\u0161ka a&nbsp;\u010c\u00edna. M\u00e1 aj svoju kapelu 0u0us.&nbsp;V rozhovore opisuje svoj coming out, <a href=\"https:\/\/duhovyrok.sk\/tepla-vlna\/2022\/09\/07\/tepla-vlna-nadejny-filmovy-reziser-teplych-filmov-gregor-valentovic\/\" class=\"more-link\">&#8230;<\/a><\/p>\n","protected":false},"author":2,"featured_media":1856,"comment_status":"closed","ping_status":"open","sticky":false,"template":"","format":"standard","meta":{"footnotes":""},"categories":[3,2],"tags":[18,125,99,165,163,4,23,135,5,164],"class_list":["post-1845","post","type-post","status-publish","format-standard","has-post-thumbnail","hentry","category-novinky","category-tepla-vlna","tag-andrej-kuruc","tag-film","tag-from-tepla-vlna","tag-gay","tag-gregor-valentovic","tag-podcast","tag-queer","tag-reziser","tag-tepla-vlna","tag-teple-filmy"],"_links":{"self":[{"href":"https:\/\/duhovyrok.sk\/tepla-vlna\/wp-json\/wp\/v2\/posts\/1845","targetHints":{"allow":["GET"]}}],"collection":[{"href":"https:\/\/duhovyrok.sk\/tepla-vlna\/wp-json\/wp\/v2\/posts"}],"about":[{"href":"https:\/\/duhovyrok.sk\/tepla-vlna\/wp-json\/wp\/v2\/types\/post"}],"author":[{"embeddable":true,"href":"https:\/\/duhovyrok.sk\/tepla-vlna\/wp-json\/wp\/v2\/users\/2"}],"replies":[{"embeddable":true,"href":"https:\/\/duhovyrok.sk\/tepla-vlna\/wp-json\/wp\/v2\/comments?post=1845"}],"version-history":[{"count":2,"href":"https:\/\/duhovyrok.sk\/tepla-vlna\/wp-json\/wp\/v2\/posts\/1845\/revisions"}],"predecessor-version":[{"id":1853,"href":"https:\/\/duhovyrok.sk\/tepla-vlna\/wp-json\/wp\/v2\/posts\/1845\/revisions\/1853"}],"wp:featuredmedia":[{"embeddable":true,"href":"https:\/\/duhovyrok.sk\/tepla-vlna\/wp-json\/wp\/v2\/media\/1856"}],"wp:attachment":[{"href":"https:\/\/duhovyrok.sk\/tepla-vlna\/wp-json\/wp\/v2\/media?parent=1845"}],"wp:term":[{"taxonomy":"category","embeddable":true,"href":"https:\/\/duhovyrok.sk\/tepla-vlna\/wp-json\/wp\/v2\/categories?post=1845"},{"taxonomy":"post_tag","embeddable":true,"href":"https:\/\/duhovyrok.sk\/tepla-vlna\/wp-json\/wp\/v2\/tags?post=1845"}],"curies":[{"name":"wp","href":"https:\/\/api.w.org\/{rel}","templated":true}]}}