{"id":1839,"date":"2022-08-31T07:33:00","date_gmt":"2022-08-31T05:33:00","guid":{"rendered":"https:\/\/duhovyrok.sk\/tepla-vlna\/?p=1839"},"modified":"2022-09-01T09:29:50","modified_gmt":"2022-09-01T07:29:50","slug":"tepla-vlna-oblubena-finalistka-z-farmy-eva-vajsova","status":"publish","type":"post","link":"https:\/\/duhovyrok.sk\/tepla-vlna\/2022\/08\/31\/tepla-vlna-oblubena-finalistka-z-farmy-eva-vajsova\/","title":{"rendered":"Tepl\u00e1 vlna: Ob\u013e\u00faben\u00e1 finalistka z Farmy, Eva Vajsov\u00e1"},"content":{"rendered":"\n<p>V telev\u00edznej \u0161ou Farma vystupovalo viacero otvorene queer s\u00fa\u0165a\u017eiacich. Sympatick\u00e1 stol\u00e1rka Eva Vajsov\u00e1 si z\u00edskala srdcia div\u00e1kov a div\u00e1\u010dok v 13. s\u00e9rii programu a takmer \u0161ou vyhrala. U\u017e v \u00favode sa neb\u00e1la by\u0165 sama sebou.&nbsp;<\/p>\n\n\n\n<p>V rozhovore si spom\u00edna, \u010d\u00edm ju zaujala stolarina, ako telev\u00edzia reagovala a prezentovala jej sexualitu aj ak\u00e9 to bolo pr\u00eds\u0165 o s\u00fakromie pred kamerami. Prezradila aj, ak\u00fdm probl\u00e9mom \u010delia lesbick\u00e9 p\u00e1ry, ke\u010f sa rozhodn\u00fa ma\u0165 die\u0165a. Epiz\u00f3du sme nahr\u00e1vali s publikom po\u010das sprievodn\u00e9ho podujatia k D\u00fahov\u00e9mu PRIDE 2022.&nbsp;<\/p>\n\n\n\n<p>Nov\u00fd diel Teplej vlny si m\u00f4\u017eete pozrie\u0165 ni\u017e\u0161ie alebo vypo\u010du\u0165 na podcastov\u00fdch platform\u00e1ch&nbsp;<a rel=\"noreferrer noopener\" href=\"https:\/\/open.spotify.com\/episode\/46QSFlOjN3FGaeZq59kMep?si=92575e152f8d4886\" target=\"_blank\">Spotify<\/a>,&nbsp;<a rel=\"noreferrer noopener\" href=\"https:\/\/www.podbean.com\/ew\/pb-ghpkh-12aeffc\" target=\"_blank\">PodBean<\/a>, ale aj na <a rel=\"noreferrer noopener\" href=\"https:\/\/podcasts.apple.com\/sk\/podcast\/tepl%C3%A1-vlna-ob%C4%BE%C3%BAben%C3%A1-finalistka-z-farmy-stol%C3%A1rka-eva\/id1507703606?i=1000577772738\" target=\"_blank\">Apple Podcasts<\/a>.<\/p>\n\n\n\n<figure class=\"wp-block-embed is-type-video is-provider-youtube wp-block-embed-youtube wp-embed-aspect-16-9 wp-has-aspect-ratio\"><div class=\"wp-block-embed__wrapper\">\n<iframe loading=\"lazy\" title=\"Tepl\u00e1 vlna: Ob\u013e\u00faben\u00e1 finalistka z Farmy, stol\u00e1rka Eva Vajsov\u00e1\" width=\"1778\" height=\"1000\" src=\"https:\/\/www.youtube.com\/embed\/Ut9oHDepVJs?feature=oembed\" frameborder=\"0\" allow=\"accelerometer; autoplay; clipboard-write; encrypted-media; gyroscope; picture-in-picture\" allowfullscreen><\/iframe>\n<\/div><\/figure>\n\n\n\n<p>Tepl\u00e1 vlna je podcast, v ktorom sa rozpr\u00e1vame so zauj\u00edmav\u00fdmi osobnos\u0165ami a \u013eu\u010fmi zo slovenskej queer komunity o ich \u017eivote, in\u0161pirat\u00edvnych veciach, ktor\u00fdmi sa zaoberaj\u00fa a odvahe, ktor\u00e1 im pomohla prekona\u0165 predsudky okolia. Rozhovory moderuje Andrej Kuruc a Marek Hudec.<\/p>\n","protected":false},"excerpt":{"rendered":"<p>V telev\u00edznej \u0161ou Farma vystupovalo viacero otvorene queer s\u00fa\u0165a\u017eiacich. Sympatick\u00e1 stol\u00e1rka Eva Vajsov\u00e1 si z\u00edskala srdcia div\u00e1kov a div\u00e1\u010dok v 13. s\u00e9rii programu a takmer \u0161ou vyhrala. U\u017e v \u00favode <a href=\"https:\/\/duhovyrok.sk\/tepla-vlna\/2022\/08\/31\/tepla-vlna-oblubena-finalistka-z-farmy-eva-vajsova\/\" class=\"more-link\">&#8230;<\/a><\/p>\n","protected":false},"author":9,"featured_media":1841,"comment_status":"closed","ping_status":"open","sticky":false,"template":"","format":"standard","meta":{"footnotes":""},"categories":[3,2],"tags":[160,99,61,4,5],"class_list":["post-1839","post","type-post","status-publish","format-standard","has-post-thumbnail","hentry","category-novinky","category-tepla-vlna","tag-eva-vajsova","tag-from-tepla-vlna","tag-marek-hudec","tag-podcast","tag-tepla-vlna"],"_links":{"self":[{"href":"https:\/\/duhovyrok.sk\/tepla-vlna\/wp-json\/wp\/v2\/posts\/1839","targetHints":{"allow":["GET"]}}],"collection":[{"href":"https:\/\/duhovyrok.sk\/tepla-vlna\/wp-json\/wp\/v2\/posts"}],"about":[{"href":"https:\/\/duhovyrok.sk\/tepla-vlna\/wp-json\/wp\/v2\/types\/post"}],"author":[{"embeddable":true,"href":"https:\/\/duhovyrok.sk\/tepla-vlna\/wp-json\/wp\/v2\/users\/9"}],"replies":[{"embeddable":true,"href":"https:\/\/duhovyrok.sk\/tepla-vlna\/wp-json\/wp\/v2\/comments?post=1839"}],"version-history":[{"count":2,"href":"https:\/\/duhovyrok.sk\/tepla-vlna\/wp-json\/wp\/v2\/posts\/1839\/revisions"}],"predecessor-version":[{"id":1844,"href":"https:\/\/duhovyrok.sk\/tepla-vlna\/wp-json\/wp\/v2\/posts\/1839\/revisions\/1844"}],"wp:featuredmedia":[{"embeddable":true,"href":"https:\/\/duhovyrok.sk\/tepla-vlna\/wp-json\/wp\/v2\/media\/1841"}],"wp:attachment":[{"href":"https:\/\/duhovyrok.sk\/tepla-vlna\/wp-json\/wp\/v2\/media?parent=1839"}],"wp:term":[{"taxonomy":"category","embeddable":true,"href":"https:\/\/duhovyrok.sk\/tepla-vlna\/wp-json\/wp\/v2\/categories?post=1839"},{"taxonomy":"post_tag","embeddable":true,"href":"https:\/\/duhovyrok.sk\/tepla-vlna\/wp-json\/wp\/v2\/tags?post=1839"}],"curies":[{"name":"wp","href":"https:\/\/api.w.org\/{rel}","templated":true}]}}