{"id":1836,"date":"2022-08-30T10:14:57","date_gmt":"2022-08-30T08:14:57","guid":{"rendered":"https:\/\/duhovyrok.sk\/tepla-vlna\/?p=1836"},"modified":"2022-08-30T19:34:43","modified_gmt":"2022-08-30T17:34:43","slug":"v-teplej-vlne-vyspovedame-evu-vojsovu-z-televiznej-sou-farma","status":"publish","type":"post","link":"https:\/\/duhovyrok.sk\/tepla-vlna\/2022\/08\/30\/v-teplej-vlne-vyspovedame-evu-vojsovu-z-televiznej-sou-farma\/","title":{"rendered":"V Teplej vlne vyspoved\u00e1me Evu Vajsov\u00fa z telev\u00edznej \u0161ou Farma"},"content":{"rendered":"\n<p>Eva Vajsov\u00e1 s\u00fa\u0165a\u017eila v 13. s\u00e9rii popul\u00e1rnej telev\u00edznej \u0161ou Farma. U\u017e v \u00favode sa neb\u00e1la by\u0165 sama sebou a hovori\u0165 o svojej sexu\u00e1lnej orient\u00e1cii. Nov\u00fd diel Teplej vlny u\u017e t\u00fato stredu, 31. augusta. Sledujte n\u00e1s!<\/p>\n","protected":false},"excerpt":{"rendered":"<p>Eva Vajsov\u00e1 s\u00fa\u0165a\u017eila v 13. s\u00e9rii popul\u00e1rnej telev\u00edznej \u0161ou Farma. U\u017e v \u00favode sa neb\u00e1la by\u0165 sama sebou a hovori\u0165 o svojej sexu\u00e1lnej orient\u00e1cii. Nov\u00fd diel Teplej vlny u\u017e t\u00fato <a href=\"https:\/\/duhovyrok.sk\/tepla-vlna\/2022\/08\/30\/v-teplej-vlne-vyspovedame-evu-vojsovu-z-televiznej-sou-farma\/\" class=\"more-link\">&#8230;<\/a><\/p>\n","protected":false},"author":9,"featured_media":1837,"comment_status":"closed","ping_status":"open","sticky":false,"template":"","format":"standard","meta":{"footnotes":""},"categories":[3,2],"tags":[160,161,99,4,5,162],"class_list":["post-1836","post","type-post","status-publish","format-standard","has-post-thumbnail","hentry","category-novinky","category-tepla-vlna","tag-eva-vajsova","tag-farma","tag-from-tepla-vlna","tag-podcast","tag-tepla-vlna","tag-tretia-seria"],"_links":{"self":[{"href":"https:\/\/duhovyrok.sk\/tepla-vlna\/wp-json\/wp\/v2\/posts\/1836","targetHints":{"allow":["GET"]}}],"collection":[{"href":"https:\/\/duhovyrok.sk\/tepla-vlna\/wp-json\/wp\/v2\/posts"}],"about":[{"href":"https:\/\/duhovyrok.sk\/tepla-vlna\/wp-json\/wp\/v2\/types\/post"}],"author":[{"embeddable":true,"href":"https:\/\/duhovyrok.sk\/tepla-vlna\/wp-json\/wp\/v2\/users\/9"}],"replies":[{"embeddable":true,"href":"https:\/\/duhovyrok.sk\/tepla-vlna\/wp-json\/wp\/v2\/comments?post=1836"}],"version-history":[{"count":2,"href":"https:\/\/duhovyrok.sk\/tepla-vlna\/wp-json\/wp\/v2\/posts\/1836\/revisions"}],"predecessor-version":[{"id":1843,"href":"https:\/\/duhovyrok.sk\/tepla-vlna\/wp-json\/wp\/v2\/posts\/1836\/revisions\/1843"}],"wp:featuredmedia":[{"embeddable":true,"href":"https:\/\/duhovyrok.sk\/tepla-vlna\/wp-json\/wp\/v2\/media\/1837"}],"wp:attachment":[{"href":"https:\/\/duhovyrok.sk\/tepla-vlna\/wp-json\/wp\/v2\/media?parent=1836"}],"wp:term":[{"taxonomy":"category","embeddable":true,"href":"https:\/\/duhovyrok.sk\/tepla-vlna\/wp-json\/wp\/v2\/categories?post=1836"},{"taxonomy":"post_tag","embeddable":true,"href":"https:\/\/duhovyrok.sk\/tepla-vlna\/wp-json\/wp\/v2\/tags?post=1836"}],"curies":[{"name":"wp","href":"https:\/\/api.w.org\/{rel}","templated":true}]}}