{"id":1818,"date":"2022-05-04T10:49:00","date_gmt":"2022-05-04T08:49:00","guid":{"rendered":"https:\/\/duhovyrok.sk\/tepla-vlna\/?p=1818"},"modified":"2022-05-04T10:50:32","modified_gmt":"2022-05-04T08:50:32","slug":"do-teplej-vlny-sme-pozvali-alexandru-demetrianovu","status":"publish","type":"post","link":"https:\/\/duhovyrok.sk\/tepla-vlna\/2022\/05\/04\/do-teplej-vlny-sme-pozvali-alexandru-demetrianovu\/","title":{"rendered":"Do Teplej vlny sme pozvali Alexandru Demetrianov\u00fa"},"content":{"rendered":"\n<p>Alexandra Demetrianov\u00e1 je aktivistka a b\u00fdval\u00e1 novin\u00e1rka. Sedem rokov p\u00f4sobila ako spravodajky\u0148a v Bangkoku pre Slovensk\u00fd rozhlas a \u010fal\u0161ie slovensk\u00e9 i zahrani\u010dn\u00e9 m\u00e9di\u00e1. Vy\u0161tudovala \u017eurnalistiku v Bratislave, v Bangkoku pokra\u010dovala v gradu\u00e1lnych \u0161t\u00fadi\u00e1ch medzin\u00e1rodn\u00fdch vz\u0165ahov a venovala sa t\u00e9mam \u013eudsk\u00fdch pr\u00e1v a udr\u017eate\u013en\u00e9ho rozvoja v regi\u00f3ne Juhov\u00fdchodnej \u00c1zie nielen ako novin\u00e1rka, ale aj ako v\u00fdskumn\u00ed\u010dka pre Thammasat University.<\/p>\n\n\n\n<p>Pracovala pre viacer\u00e9 mimovl\u00e1dne organiza\u0107ie na Slovensku, v oblasti advok\u00e1cie i vzdel\u00e1vania. Dnes sa venuje predov\u0161etk\u00fdm rodovej rovnosti a pr\u00e1vam \u017eien v kontexte Slovenska vr\u00e1tane boja proti sexualizovan\u00e9mu n\u00e1siliu. V ned\u00e1vnej minulosti koordinovala kampane v <a href=\"https:\/\/www.amnesty.sk\/\" target=\"_blank\" rel=\"noreferrer noopener\">Amnesty International Slovensko<\/a>, kde viedla aj kampa\u0148 Hovorme o s\u00fahlase. Aktu\u00e1lne p\u00f4sob\u00ed v oblasti advok\u00e1cie a kampan\u00ed za pr\u00e1va LGBT+ \u013eud\u00ed v&nbsp;organiz\u00e1cii <a href=\"https:\/\/www.saplinq.org\/o-naacutes.html\" target=\"_blank\" rel=\"noreferrer noopener\">Saplinq<\/a>.<\/p>\n","protected":false},"excerpt":{"rendered":"<p>Alexandra Demetrianov\u00e1 je aktivistka a b\u00fdval\u00e1 novin\u00e1rka. Sedem rokov p\u00f4sobila ako spravodajky\u0148a v Bangkoku pre Slovensk\u00fd rozhlas a \u010fal\u0161ie slovensk\u00e9 i zahrani\u010dn\u00e9 m\u00e9di\u00e1. Vy\u0161tudovala \u017eurnalistiku v Bratislave, v Bangkoku pokra\u010dovala <a href=\"https:\/\/duhovyrok.sk\/tepla-vlna\/2022\/05\/04\/do-teplej-vlny-sme-pozvali-alexandru-demetrianovu\/\" class=\"more-link\">&#8230;<\/a><\/p>\n","protected":false},"author":2,"featured_media":1820,"comment_status":"closed","ping_status":"open","sticky":false,"template":"","format":"standard","meta":{"footnotes":""},"categories":[3,2],"tags":[159,158,18,99,4,108,157,5],"class_list":["post-1818","post","type-post","status-publish","format-standard","has-post-thumbnail","hentry","category-novinky","category-tepla-vlna","tag-alexandra-demetrianova","tag-amnesty-international","tag-andrej-kuruc","tag-from-tepla-vlna","tag-podcast","tag-pride-kosice","tag-saplinq","tag-tepla-vlna"],"_links":{"self":[{"href":"https:\/\/duhovyrok.sk\/tepla-vlna\/wp-json\/wp\/v2\/posts\/1818","targetHints":{"allow":["GET"]}}],"collection":[{"href":"https:\/\/duhovyrok.sk\/tepla-vlna\/wp-json\/wp\/v2\/posts"}],"about":[{"href":"https:\/\/duhovyrok.sk\/tepla-vlna\/wp-json\/wp\/v2\/types\/post"}],"author":[{"embeddable":true,"href":"https:\/\/duhovyrok.sk\/tepla-vlna\/wp-json\/wp\/v2\/users\/2"}],"replies":[{"embeddable":true,"href":"https:\/\/duhovyrok.sk\/tepla-vlna\/wp-json\/wp\/v2\/comments?post=1818"}],"version-history":[{"count":3,"href":"https:\/\/duhovyrok.sk\/tepla-vlna\/wp-json\/wp\/v2\/posts\/1818\/revisions"}],"predecessor-version":[{"id":1827,"href":"https:\/\/duhovyrok.sk\/tepla-vlna\/wp-json\/wp\/v2\/posts\/1818\/revisions\/1827"}],"wp:featuredmedia":[{"embeddable":true,"href":"https:\/\/duhovyrok.sk\/tepla-vlna\/wp-json\/wp\/v2\/media\/1820"}],"wp:attachment":[{"href":"https:\/\/duhovyrok.sk\/tepla-vlna\/wp-json\/wp\/v2\/media?parent=1818"}],"wp:term":[{"taxonomy":"category","embeddable":true,"href":"https:\/\/duhovyrok.sk\/tepla-vlna\/wp-json\/wp\/v2\/categories?post=1818"},{"taxonomy":"post_tag","embeddable":true,"href":"https:\/\/duhovyrok.sk\/tepla-vlna\/wp-json\/wp\/v2\/tags?post=1818"}],"curies":[{"name":"wp","href":"https:\/\/api.w.org\/{rel}","templated":true}]}}