{"id":1815,"date":"2022-05-02T19:06:08","date_gmt":"2022-05-02T17:06:08","guid":{"rendered":"https:\/\/duhovyrok.sk\/tepla-vlna\/?p=1815"},"modified":"2022-05-02T19:06:36","modified_gmt":"2022-05-02T17:06:36","slug":"tepla-vlna-diskusia-queer-divadlo-a-inkluzia-v-divadle-v-novom-tisicroci","status":"publish","type":"post","link":"https:\/\/duhovyrok.sk\/tepla-vlna\/2022\/05\/02\/tepla-vlna-diskusia-queer-divadlo-a-inkluzia-v-divadle-v-novom-tisicroci\/","title":{"rendered":"Tepl\u00e1 vlna (diskusia): Queer divadlo a inkl\u00fazia v divadle v novom tis\u00edcro\u010d\u00ed"},"content":{"rendered":"\n<p>Ak\u00e9 je Queer divadlo v kontexte 21. storo\u010dia a nov\u00e9ho tis\u00edcro\u010dia? Je inkl\u00fazia jeho be\u017enou s\u00fa\u010das\u0165ou. Aj o tom sa moder\u00e1tor Marek Hudec rozpr\u00e1val s re\u017eis\u00e9rkou Val\u00e9riou Schultzovou, divadelnou vedky\u0148ou Martinou Ma\u0161l\u00e1rovou, dramatikom Andrejom Kurucom a performerkou La Cuntessou.<\/p>\n\n\n\n<p>Z\u00e1znam z diskusie Queer divadlo a inkl\u00fazia v divadle v novom tis\u00edcro\u010d\u00ed si m\u00f4\u017eete pozrie\u0165 na na\u0161om <a rel=\"noreferrer noopener\" href=\"https:\/\/fb.watch\/cLO25HOnPk\/\" target=\"_blank\">Facebooku<\/a>.<\/p>\n\n\n\n<p>Foto: Jakub Kov\u00e1\u010d<\/p>\n\n\n\n<p> <\/p>\n","protected":false},"excerpt":{"rendered":"<p>Ak\u00e9 je Queer divadlo v kontexte 21. storo\u010dia a nov\u00e9ho tis\u00edcro\u010dia? Je inkl\u00fazia jeho be\u017enou s\u00fa\u010das\u0165ou. Aj o tom sa moder\u00e1tor Marek Hudec rozpr\u00e1val s re\u017eis\u00e9rkou Val\u00e9riou Schultzovou, divadelnou vedky\u0148ou <a href=\"https:\/\/duhovyrok.sk\/tepla-vlna\/2022\/05\/02\/tepla-vlna-diskusia-queer-divadlo-a-inkluzia-v-divadle-v-novom-tisicroci\/\" class=\"more-link\">&#8230;<\/a><\/p>\n","protected":false},"author":2,"featured_media":1816,"comment_status":"closed","ping_status":"open","sticky":false,"template":"","format":"standard","meta":{"footnotes":""},"categories":[3,2],"tags":[115,45,99,155,156,56,24],"class_list":["post-1815","post","type-post","status-publish","format-standard","has-post-thumbnail","hentry","category-novinky","category-tepla-vlna","tag-diskusia","tag-divadlo","tag-from-tepla-vlna","tag-inkluzia","tag-postavy","tag-queer-divadlo","tag-queer-kultura"],"_links":{"self":[{"href":"https:\/\/duhovyrok.sk\/tepla-vlna\/wp-json\/wp\/v2\/posts\/1815","targetHints":{"allow":["GET"]}}],"collection":[{"href":"https:\/\/duhovyrok.sk\/tepla-vlna\/wp-json\/wp\/v2\/posts"}],"about":[{"href":"https:\/\/duhovyrok.sk\/tepla-vlna\/wp-json\/wp\/v2\/types\/post"}],"author":[{"embeddable":true,"href":"https:\/\/duhovyrok.sk\/tepla-vlna\/wp-json\/wp\/v2\/users\/2"}],"replies":[{"embeddable":true,"href":"https:\/\/duhovyrok.sk\/tepla-vlna\/wp-json\/wp\/v2\/comments?post=1815"}],"version-history":[{"count":1,"href":"https:\/\/duhovyrok.sk\/tepla-vlna\/wp-json\/wp\/v2\/posts\/1815\/revisions"}],"predecessor-version":[{"id":1817,"href":"https:\/\/duhovyrok.sk\/tepla-vlna\/wp-json\/wp\/v2\/posts\/1815\/revisions\/1817"}],"wp:featuredmedia":[{"embeddable":true,"href":"https:\/\/duhovyrok.sk\/tepla-vlna\/wp-json\/wp\/v2\/media\/1816"}],"wp:attachment":[{"href":"https:\/\/duhovyrok.sk\/tepla-vlna\/wp-json\/wp\/v2\/media?parent=1815"}],"wp:term":[{"taxonomy":"category","embeddable":true,"href":"https:\/\/duhovyrok.sk\/tepla-vlna\/wp-json\/wp\/v2\/categories?post=1815"},{"taxonomy":"post_tag","embeddable":true,"href":"https:\/\/duhovyrok.sk\/tepla-vlna\/wp-json\/wp\/v2\/tags?post=1815"}],"curies":[{"name":"wp","href":"https:\/\/api.w.org\/{rel}","templated":true}]}}